									
{"id":10790,"global_id":"cineslys.com\/val?id=10790","global_id_lineage":["cineslys.com\/val?id=10790"],"author":"1","status":"publish","date":"2026-01-07 10:04:29","date_utc":"2026-01-07 10:04:29","modified":"2026-01-07 10:05:19","modified_utc":"2026-01-07 10:05:19","url":"https:\/\/cineslys.com\/val\/calendario\/cine-club-lys-rondallas-con-judith-fernandez-y-fernando-fraga\/","rest_url":"https:\/\/cineslys.com\/val\/wp-json\/tribe\/events\/v1\/events\/10790","title":"Cine Club Lys: Rondallas con Judith Fern\u00e1ndez y Fernando Fraga","description":"<h3><b>Cine Club Lys: Rondallas con Judith Fern\u00e1ndez y Fernando Fraga<\/b><\/h3>\n<h3><span style=\"color: #ff0000;\">Lunes<\/span> 12 de enero 16:30h, 18:00h y 19:30h<\/h3>\n<h6><a href=\"https:\/\/cineclublys.com\/matricula\/\" rel=\"nofollow noopener\" target=\"_blank\"><span style=\"color: #de0000;\">Matr\u00edcula abierta Cine Club Lys 2025-2026. No matriculados precio 20\u20ac.<\/span><\/a><\/h6>\n<p>Abrimos el a\u00f1o con <strong>Rondallas<\/strong>, con coloquio en los tres pases de los actores Judith Fern\u00e1ndez y Fernando Fraga.<\/p>\n<p><strong>Sinopsis: <\/strong>Dos a\u00f1os despu\u00e9s del tr\u00e1gico naufragio de un barco pesquero que sacudi\u00f3 a un peque\u00f1o pueblo marinero gallego, los habitantes del pueblo deciden que ya es hora de recuperar la ilusi\u00f3n y dejar el luto atr\u00e1s. Por ello vuelven a unirse para poner en marcha la rondalla, una agrupaci\u00f3n de m\u00fasica tradicional en la que participan desde ni\u00f1os hasta ancianos, con la intenci\u00f3n de competir en un concurso contra los pueblos vecinos, pero sobre todo de empezar a mirar hacia delante de nuevo.<\/p>\n<p><a href=\"https:\/\/www.reservaentradas.com\/sesiones\/valencia\/cineslys\/cine-club-lys-rondallas\/6976?proximamente=true&amp;\" rel=\"nofollow noopener\" target=\"_blank\"> <button>Reserva tu entrada<\/button> <\/a><\/p>\n<p><iframe title=\"Rondallas - Tr\u00e1iler Oficial\" width=\"750\" height=\"422\" src=\"https:\/\/www.youtube.com\/embed\/0GU0DXYcjJk?feature=oembed\" frameborder=\"0\" allow=\"accelerometer; autoplay; clipboard-write; encrypted-media; gyroscope; picture-in-picture; web-share\" referrerpolicy=\"strict-origin-when-cross-origin\" allowfullscreen><\/iframe><\/p>","excerpt":"","slug":"cine-club-lys-rondallas-con-judith-fernandez-y-fernando-fraga","image":{"url":"https:\/\/cineslys.com\/wp-content\/uploads\/2026\/01\/POST.jpg","id":10791,"extension":"jpg","width":1080,"height":1350,"filesize":146972,"sizes":{"medium":{"width":240,"height":300,"mime-type":"image\/jpeg","filesize":19307,"url":"https:\/\/cineslys.com\/wp-content\/uploads\/2026\/01\/POST-240x300.jpg"},"large":{"width":819,"height":1024,"mime-type":"image\/jpeg","filesize":99225,"url":"https:\/\/cineslys.com\/wp-content\/uploads\/2026\/01\/POST-819x1024.jpg"},"thumbnail":{"width":150,"height":150,"mime-type":"image\/jpeg","filesize":10277,"url":"https:\/\/cineslys.com\/wp-content\/uploads\/2026\/01\/POST-150x150.jpg"},"medium_large":{"width":768,"height":960,"mime-type":"image\/jpeg","filesize":88566,"url":"https:\/\/cineslys.com\/wp-content\/uploads\/2026\/01\/POST-768x960.jpg"},"trp-custom-language-flag":{"width":10,"height":12,"mime-type":"image\/jpeg","filesize":4212,"url":"https:\/\/cineslys.com\/wp-content\/uploads\/2026\/01\/POST-10x12.jpg"}}},"all_day":true,"start_date":"2026-01-12 00:00:00","start_date_details":{"year":"2026","month":"01","day":"12","hour":"00","minutes":"00","seconds":"00"},"end_date":"2026-01-12 23:59:59","end_date_details":{"year":"2026","month":"01","day":"12","hour":"23","minutes":"59","seconds":"59"},"utc_start_date":"2026-01-12 00:00:00","utc_start_date_details":{"year":"2026","month":"01","day":"12","hour":"00","minutes":"00","seconds":"00"},"utc_end_date":"2026-01-12 23:59:59","utc_end_date_details":{"year":"2026","month":"01","day":"12","hour":"23","minutes":"59","seconds":"59"},"timezone":"UTC+0","timezone_abbr":"UTC+0","cost":"","cost_details":{"currency_symbol":"\u20ac","currency_code":"EUR","currency_position":"suffix","values":[]},"website":"https:\/\/www.reservaentradas.com\/sesiones\/valencia\/cineslys\/cine-club-lys-rondallas\/6976?proximamente=true&amp;","show_map":false,"show_map_link":true,"hide_from_listings":false,"sticky":true,"featured":true,"categories":[{"name":"Cine club","slug":"cine-club","term_group":0,"term_taxonomy_id":18,"taxonomy":"tribe_events_cat","description":"","parent":0,"count":96,"filter":"raw","id":18,"urls":{"self":"https:\/\/cineslys.com\/val\/wp-json\/tribe\/events\/v1\/categories\/18","collection":"https:\/\/cineslys.com\/val\/wp-json\/tribe\/events\/v1\/categories"}}],"tags":[],"venue":{"id":1521,"author":"1","status":"publish","date":"2023-10-03 17:17:34","date_utc":"2023-10-03 17:17:34","modified":"2023-10-03 17:17:34","modified_utc":"2023-10-03 17:17:34","url":"https:\/\/cineslys.com\/val\/venue\/cines-lys-valencia\/","venue":"Cines Lys Valencia","slug":"cines-lys-valencia","json_ld":{"@type":"Place","name":"Cines Lys Valencia","description":"","url":"","address":{"@type":"PostalAddress"},"telephone":"","sameAs":""},"show_map":true,"show_map_link":true,"global_id":"cineslys.com\/val?id=1521","global_id_lineage":["cineslys.com\/val?id=1521"]},"organizer":[{"id":1522,"author":"1","status":"publish","date":"2023-10-03 17:17:34","date_utc":"2023-10-03 17:17:34","modified":"2023-10-03 17:17:34","modified_utc":"2023-10-03 17:17:34","url":"https:\/\/cineslys.com\/val\/organizer\/lys-cines-slu\/","organizer":"Lys Cines SLU","slug":"lys-cines-slu","json_ld":{"@type":"Person","name":"Lys Cines SLU","description":"","url":"","telephone":"","email":"","sameAs":""},"global_id":"cineslys.com\/val?id=1522","global_id_lineage":["cineslys.com\/val?id=1522"]}],"custom_fields":[],"json_ld":{"@context":"http:\/\/schema.org","@type":"Event","name":"Cine Club Lys: Rondallas con Judith Fern\u00e1ndez y Fernando Fraga","description":"&lt;p&gt;Cine Club Lys: Rondallas con Judith Fern\u00e1ndez y Fernando Fraga Lunes 12 de enero 16:30h, 18:00h y 19:30h Matr\u00edcula abierta Cine Club Lys 2025-2026. No matriculados precio 20\u20ac. Abrimos el&hellip; &lt;a class=&quot;more-link&quot; href=&quot;https:\/\/cineslys.com\/val\/calendario\/cine-club-lys-rondallas-con-judith-fernandez-y-fernando-fraga\/&quot;&gt;Continue reading &lt;span class=&quot;screen-reader-text&quot;&gt;Cine Club Lys: Rondallas con Judith Fern\u00e1ndez y Fernando Fraga&lt;\/span&gt;&lt;\/a&gt;&lt;\/p&gt;\\n","image":"https:\/\/cineslys.com\/wp-content\/uploads\/2026\/01\/POST.jpg","url":"https:\/\/cineslys.com\/val\/calendario\/cine-club-lys-rondallas-con-judith-fernandez-y-fernando-fraga\/","eventAttendanceMode":"https:\/\/schema.org\/OfflineEventAttendanceMode","eventStatus":"https:\/\/schema.org\/EventScheduled","startDate":"2026-01-12T00:00:00+00:00","endDate":"2026-01-12T23:59:59+00:00","location":{"@type":"Place","name":"Cines Lys Valencia","description":"","url":"","address":{"@type":"PostalAddress"},"telephone":"","sameAs":""},"organizer":{"@type":"Person","name":"Lys Cines SLU","description":"","url":"","telephone":"","email":"","sameAs":""},"performer":"Organization"}}