									
{"id":10822,"global_id":"cineslys.com\/val?id=10822","global_id_lineage":["cineslys.com\/val?id=10822"],"author":"1","status":"publish","date":"2026-01-07 20:31:10","date_utc":"2026-01-07 20:31:10","modified":"2026-01-07 20:31:11","modified_utc":"2026-01-07 20:31:11","url":"https:\/\/cineslys.com\/val\/calendario\/ciclo-azcona-la-vaquilla-de-luis-garcia-berlanga\/","rest_url":"https:\/\/cineslys.com\/val\/wp-json\/tribe\/events\/v1\/events\/10822","title":"Ciclo Azcona: La Vaquilla de Luis Garc\u00eda Berlanga","description":"<h3><strong>Ciclo Azcona: La vaquilla de Luis Garc\u00eda Berlanga<\/strong><\/h3>\n<h3><span style=\"font-size: 18px; font-weight: 600; letter-spacing: 0.9px;\">Jueves 5 de febrero 19:30h<\/span><\/h3>\n<p>Segundo pase del Universo Rafael Azcona con otra pel\u00edcula de Luis Garc\u00eda Berlanga. En esta ocasi\u00f3n contamos con \u00abLa Vaquilla\u00bb de 1985 con Alfredo Landa, Guillermo Montesinos, Juanjo Puigcorb\u00e9, Jos\u00e9 Sacrist\u00e1n o Agust\u00edn Gonz\u00e1lez, entre otros.<\/p>\n<p><strong>Sinopsis<\/strong>:Guerra Civil Espa\u00f1ola (1936-1939). En el frente, un grupo de soldados se limita a escribir cartas o a dormitar. Pero la tranquilidad se rompe cuando un altavoz de la Zona Nacional anuncia que, con motivo de la Virgen de Agosto, se va a celebrar en un pueblo cercano una corrida. Cinco combatientes de la Zona Republicana deciden robar la vaquilla para arruinarle la fiesta al enemigo y conseguir la comida que necesitan. <\/p>\n<p><a href=\"https:\/\/www.reservaentradas.com\/entrada\/valencia\/cineslys\/ciclo-azcona-la-vaquilla\/376384\/?step=2\" rel=\"nofollow noopener\" target=\"_blank\"><button>Reserva tu entrada<\/button><\/a><\/p>","excerpt":"","slug":"ciclo-azcona-la-vaquilla-de-luis-garcia-berlanga","image":{"url":"https:\/\/cineslys.com\/wp-content\/uploads\/2026\/01\/lavaquilla.jpg","id":10824,"extension":"jpg","width":1080,"height":1350,"filesize":98725,"sizes":{"medium":{"width":240,"height":300,"mime-type":"image\/jpeg","filesize":20017,"url":"https:\/\/cineslys.com\/wp-content\/uploads\/2026\/01\/lavaquilla-240x300.jpg"},"large":{"width":819,"height":1024,"mime-type":"image\/jpeg","filesize":101003,"url":"https:\/\/cineslys.com\/wp-content\/uploads\/2026\/01\/lavaquilla-819x1024.jpg"},"thumbnail":{"width":150,"height":150,"mime-type":"image\/jpeg","filesize":10570,"url":"https:\/\/cineslys.com\/wp-content\/uploads\/2026\/01\/lavaquilla-150x150.jpg"},"medium_large":{"width":768,"height":960,"mime-type":"image\/jpeg","filesize":92203,"url":"https:\/\/cineslys.com\/wp-content\/uploads\/2026\/01\/lavaquilla-768x960.jpg"},"trp-custom-language-flag":{"width":10,"height":12,"mime-type":"image\/jpeg","filesize":4219,"url":"https:\/\/cineslys.com\/wp-content\/uploads\/2026\/01\/lavaquilla-10x12.jpg"}}},"all_day":false,"start_date":"2026-02-05 19:30:00","start_date_details":{"year":"2026","month":"02","day":"05","hour":"19","minutes":"30","seconds":"00"},"end_date":"2026-02-05 21:30:00","end_date_details":{"year":"2026","month":"02","day":"05","hour":"21","minutes":"30","seconds":"00"},"utc_start_date":"2026-02-05 19:30:00","utc_start_date_details":{"year":"2026","month":"02","day":"05","hour":"19","minutes":"30","seconds":"00"},"utc_end_date":"2026-02-05 21:30:00","utc_end_date_details":{"year":"2026","month":"02","day":"05","hour":"21","minutes":"30","seconds":"00"},"timezone":"UTC+0","timezone_abbr":"UTC+0","cost":"","cost_details":{"currency_symbol":"\u20ac","currency_code":"EUR","currency_position":"suffix","values":[]},"website":"https:\/\/www.reservaentradas.com\/entrada\/valencia\/cineslys\/ciclo-azcona-la-vaquilla\/376384\/?step=2","show_map":false,"show_map_link":true,"hide_from_listings":false,"sticky":true,"featured":true,"categories":[{"name":"Ciclo Cl\u00e1sico","slug":"ciclo-clasico","term_group":0,"term_taxonomy_id":81,"taxonomy":"tribe_events_cat","description":"","parent":0,"count":26,"filter":"raw","id":81,"urls":{"self":"https:\/\/cineslys.com\/val\/wp-json\/tribe\/events\/v1\/categories\/81","collection":"https:\/\/cineslys.com\/val\/wp-json\/tribe\/events\/v1\/categories"}}],"tags":[],"venue":{"id":1521,"author":"1","status":"publish","date":"2023-10-03 17:17:34","date_utc":"2023-10-03 17:17:34","modified":"2023-10-03 17:17:34","modified_utc":"2023-10-03 17:17:34","url":"https:\/\/cineslys.com\/val\/venue\/cines-lys-valencia\/","venue":"Cines Lys Valencia","slug":"cines-lys-valencia","json_ld":{"@type":"Place","name":"Cines Lys Valencia","description":"","url":"","address":{"@type":"PostalAddress"},"telephone":"","sameAs":""},"show_map":true,"show_map_link":true,"global_id":"cineslys.com\/val?id=1521","global_id_lineage":["cineslys.com\/val?id=1521"]},"organizer":[{"id":1522,"author":"1","status":"publish","date":"2023-10-03 17:17:34","date_utc":"2023-10-03 17:17:34","modified":"2023-10-03 17:17:34","modified_utc":"2023-10-03 17:17:34","url":"https:\/\/cineslys.com\/val\/organizer\/lys-cines-slu\/","organizer":"Lys Cines SLU","slug":"lys-cines-slu","json_ld":{"@type":"Person","name":"Lys Cines SLU","description":"","url":"","telephone":"","email":"","sameAs":""},"global_id":"cineslys.com\/val?id=1522","global_id_lineage":["cineslys.com\/val?id=1522"]}],"custom_fields":[],"json_ld":{"@context":"http:\/\/schema.org","@type":"Event","name":"Ciclo Azcona: La Vaquilla de Luis Garc\u00eda Berlanga","description":"&lt;p&gt;Ciclo Azcona: La vaquilla de Luis Garc\u00eda Berlanga Jueves 5 de febrero 19:30h Segundo pase del Universo Rafael Azcona con otra pel\u00edcula de Luis Garc\u00eda Berlanga. En esta ocasi\u00f3n contamos&hellip; &lt;a class=&quot;more-link&quot; href=&quot;https:\/\/cineslys.com\/val\/calendario\/ciclo-azcona-la-vaquilla-de-luis-garcia-berlanga\/&quot;&gt;Continue reading &lt;span class=&quot;screen-reader-text&quot;&gt;Ciclo Azcona: La Vaquilla de Luis Garc\u00eda Berlanga&lt;\/span&gt;&lt;\/a&gt;&lt;\/p&gt;\\n","image":"https:\/\/cineslys.com\/wp-content\/uploads\/2026\/01\/lavaquilla.jpg","url":"https:\/\/cineslys.com\/val\/calendario\/ciclo-azcona-la-vaquilla-de-luis-garcia-berlanga\/","eventAttendanceMode":"https:\/\/schema.org\/OfflineEventAttendanceMode","eventStatus":"https:\/\/schema.org\/EventScheduled","startDate":"2026-02-05T19:30:00+00:00","endDate":"2026-02-05T21:30:00+00:00","location":{"@type":"Place","name":"Cines Lys Valencia","description":"","url":"","address":{"@type":"PostalAddress"},"telephone":"","sameAs":""},"organizer":{"@type":"Person","name":"Lys Cines SLU","description":"","url":"","telephone":"","email":"","sameAs":""},"performer":"Organization"}}