									
{"id":10988,"global_id":"cineslys.com\/val?id=10988","global_id_lineage":["cineslys.com\/val?id=10988"],"author":"1","status":"publish","date":"2026-01-21 06:10:17","date_utc":"2026-01-21 06:10:17","modified":"2026-01-21 10:07:09","modified_utc":"2026-01-21 10:07:09","url":"https:\/\/cineslys.com\/val\/calendario\/cita-a-ciegas-27-de-enero\/","rest_url":"https:\/\/cineslys.com\/val\/wp-json\/tribe\/events\/v1\/events\/10988","title":"Cita a Ciegas 27 de enero","description":"<h3><b>Cita a Ciegas con el Cine: martes 27 de enero<\/b><\/h3>\n<h3><span style=\"color: #333333;\">Martes<\/span> 27 de enero 19:30h<\/h3>\n<p>El pasado martes 20 de enero pudimos disfrutar del preestreno de \u00abTres adioses\u00bb la nueva pel\u00edcula dirigida por Isabel Coixet que llega a cines el pr\u00f3ximo 06 de febrero.<\/p>\n<p>\u00bfCu\u00e1l ser\u00e1 la pr\u00f3xima pel\u00edcula escogida para el martes 27? Ven a probar Cita a Ciegas donde no sabr\u00e1s que pel\u00edcula vas a ver hasta la presentaci\u00f3n que haremos al inicio. \u00bfSer\u00e1 otro preestreno? \u00bfUn cl\u00e1sico del cine?<\/p>\n<p><a href=\"https:\/\/www.reservaentradas.com\/entrada\/valencia\/cineslys\/cita-a-ciegas-con-el-cine\/376732\/?step=2\" rel=\"nofollow noopener\" target=\"_blank\"> <button>Reserva tu entrada<\/button> <\/a><\/p>","excerpt":"","slug":"cita-a-ciegas-27-de-enero","image":{"url":"https:\/\/cineslys.com\/wp-content\/uploads\/2026\/01\/27-enero-cita-a-ciegas.jpg","id":10989,"extension":"jpg","width":1080,"height":1350,"filesize":113449,"sizes":{"medium":{"width":240,"height":300,"mime-type":"image\/jpeg","filesize":21296,"url":"https:\/\/cineslys.com\/wp-content\/uploads\/2026\/01\/27-enero-cita-a-ciegas-240x300.jpg"},"large":{"width":819,"height":1024,"mime-type":"image\/jpeg","filesize":119531,"url":"https:\/\/cineslys.com\/wp-content\/uploads\/2026\/01\/27-enero-cita-a-ciegas-819x1024.jpg"},"thumbnail":{"width":150,"height":150,"mime-type":"image\/jpeg","filesize":11042,"url":"https:\/\/cineslys.com\/wp-content\/uploads\/2026\/01\/27-enero-cita-a-ciegas-150x150.jpg"},"medium_large":{"width":768,"height":960,"mime-type":"image\/jpeg","filesize":108492,"url":"https:\/\/cineslys.com\/wp-content\/uploads\/2026\/01\/27-enero-cita-a-ciegas-768x960.jpg"},"trp-custom-language-flag":{"width":10,"height":12,"mime-type":"image\/jpeg","filesize":4241,"url":"https:\/\/cineslys.com\/wp-content\/uploads\/2026\/01\/27-enero-cita-a-ciegas-10x12.jpg"}}},"all_day":false,"start_date":"2026-01-27 19:30:00","start_date_details":{"year":"2026","month":"01","day":"27","hour":"19","minutes":"30","seconds":"00"},"end_date":"2026-01-27 20:30:00","end_date_details":{"year":"2026","month":"01","day":"27","hour":"20","minutes":"30","seconds":"00"},"utc_start_date":"2026-01-27 19:30:00","utc_start_date_details":{"year":"2026","month":"01","day":"27","hour":"19","minutes":"30","seconds":"00"},"utc_end_date":"2026-01-27 20:30:00","utc_end_date_details":{"year":"2026","month":"01","day":"27","hour":"20","minutes":"30","seconds":"00"},"timezone":"UTC+0","timezone_abbr":"UTC+0","cost":"","cost_details":{"currency_symbol":"\u20ac","currency_code":"EUR","currency_position":"suffix","values":[]},"website":"https:\/\/www.reservaentradas.com\/entrada\/valencia\/cineslys\/cita-a-ciegas-con-el-cine\/376732\/?step=2","show_map":false,"show_map_link":true,"hide_from_listings":false,"sticky":true,"featured":true,"categories":[{"name":"Cita a ciegas","slug":"cita-a-ciegas","term_group":0,"term_taxonomy_id":16,"taxonomy":"tribe_events_cat","description":"","parent":0,"count":106,"filter":"raw","id":16,"urls":{"self":"https:\/\/cineslys.com\/val\/wp-json\/tribe\/events\/v1\/categories\/16","collection":"https:\/\/cineslys.com\/val\/wp-json\/tribe\/events\/v1\/categories"}}],"tags":[],"venue":{"id":1521,"author":"1","status":"publish","date":"2023-10-03 17:17:34","date_utc":"2023-10-03 17:17:34","modified":"2023-10-03 17:17:34","modified_utc":"2023-10-03 17:17:34","url":"https:\/\/cineslys.com\/val\/venue\/cines-lys-valencia\/","venue":"Cines Lys Valencia","slug":"cines-lys-valencia","json_ld":{"@type":"Place","name":"Cines Lys Valencia","description":"","url":"","address":{"@type":"PostalAddress"},"telephone":"","sameAs":""},"show_map":true,"show_map_link":true,"global_id":"cineslys.com\/val?id=1521","global_id_lineage":["cineslys.com\/val?id=1521"]},"organizer":[{"id":1522,"author":"1","status":"publish","date":"2023-10-03 17:17:34","date_utc":"2023-10-03 17:17:34","modified":"2023-10-03 17:17:34","modified_utc":"2023-10-03 17:17:34","url":"https:\/\/cineslys.com\/val\/organizer\/lys-cines-slu\/","organizer":"Lys Cines SLU","slug":"lys-cines-slu","json_ld":{"@type":"Person","name":"Lys Cines SLU","description":"","url":"","telephone":"","email":"","sameAs":""},"global_id":"cineslys.com\/val?id=1522","global_id_lineage":["cineslys.com\/val?id=1522"]}],"custom_fields":[],"json_ld":{"@context":"http:\/\/schema.org","@type":"Event","name":"Cita a Ciegas 27 de enero","description":"&lt;p&gt;Cita a Ciegas con el Cine: martes 27 de enero Martes 27 de enero 19:30h El pasado martes 20 de enero pudimos disfrutar del preestreno de &quot;Tres adioses&quot; la nueva&hellip; &lt;a class=&quot;more-link&quot; href=&quot;https:\/\/cineslys.com\/val\/calendario\/cita-a-ciegas-27-de-enero\/&quot;&gt;Continue reading &lt;span class=&quot;screen-reader-text&quot;&gt;Cita a Ciegas 27 de enero&lt;\/span&gt;&lt;\/a&gt;&lt;\/p&gt;\\n","image":"https:\/\/cineslys.com\/wp-content\/uploads\/2026\/01\/27-enero-cita-a-ciegas.jpg","url":"https:\/\/cineslys.com\/val\/calendario\/cita-a-ciegas-27-de-enero\/","eventAttendanceMode":"https:\/\/schema.org\/OfflineEventAttendanceMode","eventStatus":"https:\/\/schema.org\/EventScheduled","startDate":"2026-01-27T19:30:00+00:00","endDate":"2026-01-27T20:30:00+00:00","location":{"@type":"Place","name":"Cines Lys Valencia","description":"","url":"","address":{"@type":"PostalAddress"},"telephone":"","sameAs":""},"organizer":{"@type":"Person","name":"Lys Cines SLU","description":"","url":"","telephone":"","email":"","sameAs":""},"performer":"Organization"}}