									
{"id":11620,"global_id":"cineslys.com\/val?id=11620","global_id_lineage":["cineslys.com\/val?id=11620"],"author":"1","status":"publish","date":"2026-03-17 12:24:14","date_utc":"2026-03-17 12:24:14","modified":"2026-03-18 11:07:03","modified_utc":"2026-03-18 11:07:03","url":"https:\/\/cineslys.com\/val\/calendario\/amarga-navidad-presentacion-y-coloquio-de-quim-gutierrez\/","rest_url":"https:\/\/cineslys.com\/val\/wp-json\/tribe\/events\/v1\/events\/11620","title":"Amarga Navidad: Presentaci\u00f3n y Coloquio de Quim Guti\u00e9rrez","description":"<h3><b>Amarga Navidad: Con presentaci\u00f3n y coloquio de Quim Guti\u00e9rrez<\/b><\/h3>\n<h3><span style=\"color: #ff0000;\">Domingo<\/span> 22 de marzo19:35h<\/h3>\n<h6><a href=\"https:\/\/www.reservaentradas.com\/cine\/valencia\/cineslys?#registro\" rel=\"nofollow noopener\" target=\"_blank\"><span style=\"color: #de0000;\">Hazte socio de Cines Lys y compra tu entrada m\u00e1s econ\u00f3mica. Consigue puntos y canjea por otras entradas o Combos.<\/span><\/a><\/h6>\n<p>Este domingo 22 de marzo tendremos en Cines Lys al actor Quim Guti\u00e9rrez qui\u00e9n presentar\u00e1 \u00abAmarga Navidad\u00bb, la nueva pel\u00edcula de Pedro Almod\u00f3var que estrenamos este viernes 20 de marzo en Cines Lys. Tendremos presentaci\u00f3n y posterior coloquio con el actor qui\u00e9n podr\u00e1 responder las preguntas del p\u00fablico asistente.<\/p>\n<p><strong>Sinopsis: <\/strong>Elsa es una directora de publicidad cuya madre muere durante un largo puente del mes de diciembre. Encuentra refugio en el trabajo, aunque es m\u00e1s bien una huida hacia adelante. Trabaja sin parar y, sin darse cuenta, no se concede el tiempo necesario para guardar el duelo por la ausencia materna. Hasta que una crisis de p\u00e1nico la obliga a detenerse e imponerse un descanso. Su pareja, Bonifacio, es su tabla de salvaci\u00f3n en esos momentos de crisis. Elsa decide viajar a la isla de Lanzarote acompa\u00f1ada por su amiga Patricia, que tambi\u00e9n necesita alejarse de Madrid, mientras que Bonifacio se queda en la ciudad. La historia de estos tres personajes, y algunos m\u00e1s, se narran paralelamente a la del guionista y director de cine Ra\u00fal Dur\u00e1n, entremezclando ficci\u00f3n y realidad.<\/p>\n<p><a href=\"https:\/\/www.reservaentradas.com\/entrada\/valencia\/cineslys\/amarga-navidad\/379220\/?step=2\" rel=\"nofollow noopener\" target=\"_blank\"><button>Reserva tu entrada<\/button><\/a><\/p>\n<p><iframe title=\"Amarga Navidad | Tr\u00e1iler Oficial\" width=\"750\" height=\"422\" src=\"https:\/\/www.youtube.com\/embed\/SNbVMk-nLu4?feature=oembed\" frameborder=\"0\" allow=\"accelerometer; autoplay; clipboard-write; encrypted-media; gyroscope; picture-in-picture; web-share\" referrerpolicy=\"strict-origin-when-cross-origin\" allowfullscreen><\/iframe><\/p>","excerpt":"","slug":"amarga-navidad-presentacion-y-coloquio-de-quim-gutierrez","image":{"url":"https:\/\/cineslys.com\/wp-content\/uploads\/2026\/03\/Pase-con-Quim-Gutierrez.jpg","id":11621,"extension":"jpg","width":1080,"height":1350,"filesize":94451,"sizes":{"medium":{"width":240,"height":300,"mime-type":"image\/jpeg","filesize":17893,"url":"https:\/\/cineslys.com\/wp-content\/uploads\/2026\/03\/Pase-con-Quim-Gutierrez-240x300.jpg"},"large":{"width":819,"height":1024,"mime-type":"image\/jpeg","filesize":89714,"url":"https:\/\/cineslys.com\/wp-content\/uploads\/2026\/03\/Pase-con-Quim-Gutierrez-819x1024.jpg"},"thumbnail":{"width":150,"height":150,"mime-type":"image\/jpeg","filesize":10255,"url":"https:\/\/cineslys.com\/wp-content\/uploads\/2026\/03\/Pase-con-Quim-Gutierrez-150x150.jpg"},"medium_large":{"width":768,"height":960,"mime-type":"image\/jpeg","filesize":81216,"url":"https:\/\/cineslys.com\/wp-content\/uploads\/2026\/03\/Pase-con-Quim-Gutierrez-768x960.jpg"},"trp-custom-language-flag":{"width":10,"height":12,"mime-type":"image\/jpeg","filesize":4404,"url":"https:\/\/cineslys.com\/wp-content\/uploads\/2026\/03\/Pase-con-Quim-Gutierrez-10x12.jpg"}}},"all_day":false,"start_date":"2026-03-22 19:30:00","start_date_details":{"year":"2026","month":"03","day":"22","hour":"19","minutes":"30","seconds":"00"},"end_date":"2026-03-22 19:30:00","end_date_details":{"year":"2026","month":"03","day":"22","hour":"19","minutes":"30","seconds":"00"},"utc_start_date":"2026-03-22 19:30:00","utc_start_date_details":{"year":"2026","month":"03","day":"22","hour":"19","minutes":"30","seconds":"00"},"utc_end_date":"2026-03-22 19:30:00","utc_end_date_details":{"year":"2026","month":"03","day":"22","hour":"19","minutes":"30","seconds":"00"},"timezone":"UTC+0","timezone_abbr":"UTC+0","cost":"","cost_details":{"currency_symbol":"\u20ac","currency_code":"EUR","currency_position":"suffix","values":[]},"website":"https:\/\/www.reservaentradas.com\/sesiones\/valencia\/cineslys\/amarga-navidad\/7084?proximamente=true&amp;","show_map":false,"show_map_link":true,"hide_from_listings":false,"sticky":true,"featured":true,"categories":[{"name":"Estrenos","slug":"estrenos","term_group":0,"term_taxonomy_id":26,"taxonomy":"tribe_events_cat","description":"","parent":0,"count":24,"filter":"raw","id":26,"urls":{"self":"https:\/\/cineslys.com\/val\/wp-json\/tribe\/events\/v1\/categories\/26","collection":"https:\/\/cineslys.com\/val\/wp-json\/tribe\/events\/v1\/categories"}},{"name":"Visita de Directores","slug":"visita-de-directores","term_group":0,"term_taxonomy_id":19,"taxonomy":"tribe_events_cat","description":"","parent":0,"count":75,"filter":"raw","id":19,"urls":{"self":"https:\/\/cineslys.com\/val\/wp-json\/tribe\/events\/v1\/categories\/19","collection":"https:\/\/cineslys.com\/val\/wp-json\/tribe\/events\/v1\/categories"}}],"tags":[],"venue":{"id":1521,"author":"1","status":"publish","date":"2023-10-03 17:17:34","date_utc":"2023-10-03 17:17:34","modified":"2023-10-03 17:17:34","modified_utc":"2023-10-03 17:17:34","url":"https:\/\/cineslys.com\/val\/venue\/cines-lys-valencia\/","venue":"Cines Lys Valencia","slug":"cines-lys-valencia","json_ld":{"@type":"Place","name":"Cines Lys Valencia","description":"","url":"","address":{"@type":"PostalAddress"},"telephone":"","sameAs":""},"show_map":true,"show_map_link":true,"global_id":"cineslys.com\/val?id=1521","global_id_lineage":["cineslys.com\/val?id=1521"]},"organizer":[{"id":1522,"author":"1","status":"publish","date":"2023-10-03 17:17:34","date_utc":"2023-10-03 17:17:34","modified":"2023-10-03 17:17:34","modified_utc":"2023-10-03 17:17:34","url":"https:\/\/cineslys.com\/val\/organizer\/lys-cines-slu\/","organizer":"Lys Cines SLU","slug":"lys-cines-slu","json_ld":{"@type":"Person","name":"Lys Cines SLU","description":"","url":"","telephone":"","email":"","sameAs":""},"global_id":"cineslys.com\/val?id=1522","global_id_lineage":["cineslys.com\/val?id=1522"]}],"custom_fields":[],"json_ld":{"@context":"http:\/\/schema.org","@type":"Event","name":"Amarga Navidad: Presentaci\u00f3n y Coloquio de Quim Guti\u00e9rrez","description":"&lt;p&gt;Amarga Navidad: Con presentaci\u00f3n y coloquio de Quim Guti\u00e9rrez Domingo 22 de marzo19:35h Hazte socio de Cines Lys y compra tu entrada m\u00e1s econ\u00f3mica. Consigue puntos y canjea por otras&hellip; &lt;a class=&quot;more-link&quot; href=&quot;https:\/\/cineslys.com\/val\/calendario\/amarga-navidad-presentacion-y-coloquio-de-quim-gutierrez\/&quot;&gt;Continue reading &lt;span class=&quot;screen-reader-text&quot;&gt;Amarga Navidad: Presentaci\u00f3n y Coloquio de Quim Guti\u00e9rrez&lt;\/span&gt;&lt;\/a&gt;&lt;\/p&gt;\\n","image":"https:\/\/cineslys.com\/wp-content\/uploads\/2026\/03\/Pase-con-Quim-Gutierrez.jpg","url":"https:\/\/cineslys.com\/val\/calendario\/amarga-navidad-presentacion-y-coloquio-de-quim-gutierrez\/","eventAttendanceMode":"https:\/\/schema.org\/OfflineEventAttendanceMode","eventStatus":"https:\/\/schema.org\/EventScheduled","startDate":"2026-03-22T19:30:00+00:00","endDate":"2026-03-22T19:30:00+00:00","location":{"@type":"Place","name":"Cines Lys Valencia","description":"","url":"","address":{"@type":"PostalAddress"},"telephone":"","sameAs":""},"organizer":{"@type":"Person","name":"Lys Cines SLU","description":"","url":"","telephone":"","email":"","sameAs":""},"performer":"Organization"}}