									
{"id":2686,"global_id":"cineslys.com\/val?id=2686","global_id_lineage":["cineslys.com\/val?id=2686"],"author":"1","status":"publish","date":"2024-01-26 11:05:09","date_utc":"2024-01-26 11:05:09","modified":"2024-01-26 11:05:10","modified_utc":"2024-01-26 11:05:10","url":"https:\/\/cineslys.com\/val\/calendario\/estreno-la-zona-de-interes\/","rest_url":"https:\/\/cineslys.com\/val\/wp-json\/tribe\/events\/v1\/events\/2686","title":"Estreno: La zona de inter\u00e9s","description":"<p>El 19 de enero se estrena La zona de inter\u00e9s en Cines Lys, nominada en los Oscars a mejor pel\u00edcula, mejor direcci\u00f3n, mejor pel\u00edcula extranjera, mejor guion adaptado y mejor sonido. Ni m\u00e1s ni menos que 5 nominaciones para esta impactante pel\u00edcula.<\/p>\n<p>Os dejamos con los comentarios que recibimos del p\u00fablico en nuestro \u00abCita a ciegas\u00bb del pasado martes. \u00bfQuieres apuntarte al pr\u00f3ximo Cita a ciegas? <a href=\"https:\/\/www.reservaentradas.com\/sesiones\/valencia\/cineslys\/cita-a-ciegas-con-el-cine\/5609\/\" rel=\"nofollow noopener\" target=\"_blank\">Reserva tu entrada por 4\u20ac.<\/a><\/p>\n<p><iframe title=\"Cita a ciegas con el cine: La zona de inter\u00e9s Estreno 19 de enero\" width=\"750\" height=\"422\" src=\"https:\/\/www.youtube.com\/embed\/-uM8PJIvoGE?feature=oembed\" frameborder=\"0\" allow=\"accelerometer; autoplay; clipboard-write; encrypted-media; gyroscope; picture-in-picture; web-share\" allowfullscreen><\/iframe><\/p>\n<p>&nbsp;<\/p>","excerpt":"","slug":"estreno-la-zona-de-interes","image":{"url":"https:\/\/cineslys.com\/wp-content\/uploads\/2024\/01\/download.jpg","id":2687,"extension":"jpg","width":1080,"height":1350,"filesize":252294,"sizes":{"medium":{"width":240,"height":300,"mime-type":"image\/jpeg","filesize":10972,"url":"https:\/\/cineslys.com\/wp-content\/uploads\/2024\/01\/download-240x300.jpg"},"large":{"width":819,"height":1024,"mime-type":"image\/jpeg","filesize":106961,"url":"https:\/\/cineslys.com\/wp-content\/uploads\/2024\/01\/download-819x1024.jpg"},"thumbnail":{"width":150,"height":150,"mime-type":"image\/jpeg","filesize":4759,"url":"https:\/\/cineslys.com\/wp-content\/uploads\/2024\/01\/download-150x150.jpg"},"medium_large":{"width":768,"height":960,"mime-type":"image\/jpeg","filesize":94759,"url":"https:\/\/cineslys.com\/wp-content\/uploads\/2024\/01\/download-768x960.jpg"}}},"all_day":false,"start_date":"2024-01-19 08:00:00","start_date_details":{"year":"2024","month":"01","day":"19","hour":"08","minutes":"00","seconds":"00"},"end_date":"2024-02-02 17:00:00","end_date_details":{"year":"2024","month":"02","day":"02","hour":"17","minutes":"00","seconds":"00"},"utc_start_date":"2024-01-19 08:00:00","utc_start_date_details":{"year":"2024","month":"01","day":"19","hour":"08","minutes":"00","seconds":"00"},"utc_end_date":"2024-02-02 17:00:00","utc_end_date_details":{"year":"2024","month":"02","day":"02","hour":"17","minutes":"00","seconds":"00"},"timezone":"UTC+0","timezone_abbr":"UTC+0","cost":"","cost_details":{"currency_symbol":"","currency_code":"","currency_position":"suffix","values":[]},"website":"","show_map":false,"show_map_link":true,"hide_from_listings":false,"sticky":true,"featured":true,"categories":[{"name":"Estrenos","slug":"estrenos","term_group":0,"term_taxonomy_id":26,"taxonomy":"tribe_events_cat","description":"","parent":0,"count":24,"filter":"raw","id":26,"urls":{"self":"https:\/\/cineslys.com\/val\/wp-json\/tribe\/events\/v1\/categories\/26","collection":"https:\/\/cineslys.com\/val\/wp-json\/tribe\/events\/v1\/categories"}}],"tags":[],"venue":[],"organizer":[],"custom_fields":[],"json_ld":{"@context":"http:\/\/schema.org","@type":"Event","name":"Estreno: La zona de inter\u00e9s","description":"&lt;p&gt;El 19 de enero se estrena La zona de inter\u00e9s en Cines Lys, nominada en los Oscars a mejor pel\u00edcula, mejor direcci\u00f3n, mejor pel\u00edcula extranjera, mejor guion adaptado y mejor&hellip; &lt;a class=&quot;more-link&quot; href=&quot;https:\/\/cineslys.com\/val\/calendario\/estreno-la-zona-de-interes\/&quot;&gt;Continue reading &lt;span class=&quot;screen-reader-text&quot;&gt;Estreno: La zona de inter\u00e9s&lt;\/span&gt;&lt;\/a&gt;&lt;\/p&gt;\\n","image":"https:\/\/cineslys.com\/wp-content\/uploads\/2024\/01\/download.jpg","url":"https:\/\/cineslys.com\/val\/calendario\/estreno-la-zona-de-interes\/","eventAttendanceMode":"https:\/\/schema.org\/OfflineEventAttendanceMode","eventStatus":"https:\/\/schema.org\/EventScheduled","startDate":"2024-01-19T08:00:00+00:00","endDate":"2024-02-02T17:00:00+00:00","performer":"Organization"}}