									
{"id":2806,"global_id":"cineslys.com\/val?id=2806","global_id_lineage":["cineslys.com\/val?id=2806"],"author":"1","status":"publish","date":"2024-02-08 12:56:58","date_utc":"2024-02-08 12:56:58","modified":"2024-02-08 12:56:59","modified_utc":"2024-02-08 12:56:59","url":"https:\/\/cineslys.com\/val\/calendario\/cita-a-ciegas-13-de-febrero\/","rest_url":"https:\/\/cineslys.com\/val\/wp-json\/tribe\/events\/v1\/events\/2806","title":"Cita a Ciegas: 13 de febrero","description":"<p><a href=\"https:\/\/forms.gle\/3gKsksDXM4Q6rM7a9\" rel=\"nofollow noopener\" target=\"_blank\">Ap\u00fantate a nuestra newsletter de Cita a Ciegas para participar en la porra y ganar entradas.<\/a><\/p>\n<p>Volvemos el martes 13 de febrero con un nuevo t\u00edtulo sorpresa. Tras el <a href=\"https:\/\/www.youtube.com\/watch?v=Aah3tuviGCo&amp;t=1s&amp;pp=ygUVRmVycmFyaSBjaXRhIGEgY2llZ2Fz\" rel=\"nofollow noopener\" target=\"_blank\">pase de Ferrari<\/a>, donde pudimos disfrutar de la gran actuaci\u00f3n de Pen\u00e9lope Cruz, llega el turno de otro Cita a ciegas en la v\u00edspera de San Valent\u00edn. \u00bfTiene algo que ver? Nop. As\u00ed que compra tu entrada porque no sabr\u00e1s que vamos a poner&#8230;<\/p>\n<p><a href=\"https:\/\/www.reservaentradas.com\/entrada\/valencia\/cineslys\/cita-a-ciegas-con-el-cine\/343525\/?step=2\" rel=\"nofollow noopener\" target=\"_blank\"> <button>Comprar entradas<\/button> <\/a><\/p>","excerpt":"","slug":"cita-a-ciegas-13-de-febrero","image":{"url":"https:\/\/cineslys.com\/wp-content\/uploads\/2024\/02\/creatividad-redes.jpg","id":2802,"extension":"jpg","width":900,"height":900,"filesize":191631,"sizes":{"medium":{"width":300,"height":300,"mime-type":"image\/jpeg","filesize":32203,"url":"https:\/\/cineslys.com\/wp-content\/uploads\/2024\/02\/creatividad-redes-300x300.jpg"},"thumbnail":{"width":150,"height":150,"mime-type":"image\/jpeg","filesize":11236,"url":"https:\/\/cineslys.com\/wp-content\/uploads\/2024\/02\/creatividad-redes-150x150.jpg"},"medium_large":{"width":768,"height":768,"mime-type":"image\/jpeg","filesize":136005,"url":"https:\/\/cineslys.com\/wp-content\/uploads\/2024\/02\/creatividad-redes-768x768.jpg"}}},"all_day":false,"start_date":"2024-02-13 19:30:00","start_date_details":{"year":"2024","month":"02","day":"13","hour":"19","minutes":"30","seconds":"00"},"end_date":"2024-02-13 19:30:00","end_date_details":{"year":"2024","month":"02","day":"13","hour":"19","minutes":"30","seconds":"00"},"utc_start_date":"2024-02-13 19:30:00","utc_start_date_details":{"year":"2024","month":"02","day":"13","hour":"19","minutes":"30","seconds":"00"},"utc_end_date":"2024-02-13 19:30:00","utc_end_date_details":{"year":"2024","month":"02","day":"13","hour":"19","minutes":"30","seconds":"00"},"timezone":"UTC+0","timezone_abbr":"UTC+0","cost":"4\u20ac","cost_details":{"currency_symbol":"\u20ac","currency_code":"","currency_position":"suffix","values":["4"]},"website":"https:\/\/www.reservaentradas.com\/sesiones\/valencia\/cineslys\/cita-a-ciegas-con-el-cine\/5609\/","show_map":false,"show_map_link":true,"hide_from_listings":false,"sticky":true,"featured":true,"categories":[{"name":"Cita a ciegas","slug":"cita-a-ciegas","term_group":0,"term_taxonomy_id":16,"taxonomy":"tribe_events_cat","description":"","parent":0,"count":107,"filter":"raw","id":16,"urls":{"self":"https:\/\/cineslys.com\/val\/wp-json\/tribe\/events\/v1\/categories\/16","collection":"https:\/\/cineslys.com\/val\/wp-json\/tribe\/events\/v1\/categories"}}],"tags":[{"name":"Cita a ciegas","slug":"cita-a-ciegas","term_group":0,"term_taxonomy_id":46,"taxonomy":"post_tag","description":"","parent":0,"count":10,"filter":"raw","id":46,"urls":{"self":"https:\/\/cineslys.com\/val\/wp-json\/tribe\/events\/v1\/tags\/46","collection":"https:\/\/cineslys.com\/val\/wp-json\/tribe\/events\/v1\/tags"}}],"venue":{"id":1521,"author":"1","status":"publish","date":"2023-10-03 17:17:34","date_utc":"2023-10-03 17:17:34","modified":"2023-10-03 17:17:34","modified_utc":"2023-10-03 17:17:34","url":"https:\/\/cineslys.com\/val\/venue\/cines-lys-valencia\/","venue":"Cines Lys Valencia","slug":"cines-lys-valencia","json_ld":{"@type":"Place","name":"Cines Lys Valencia","description":"","url":"","address":{"@type":"PostalAddress"},"telephone":"","sameAs":""},"show_map":true,"show_map_link":true,"global_id":"cineslys.com\/val?id=1521","global_id_lineage":["cineslys.com\/val?id=1521"]},"organizer":[{"id":1522,"author":"1","status":"publish","date":"2023-10-03 17:17:34","date_utc":"2023-10-03 17:17:34","modified":"2023-10-03 17:17:34","modified_utc":"2023-10-03 17:17:34","url":"https:\/\/cineslys.com\/val\/organizer\/lys-cines-slu\/","organizer":"Lys Cines SLU","slug":"lys-cines-slu","json_ld":{"@type":"Person","name":"Lys Cines SLU","description":"","url":"","telephone":"","email":"","sameAs":""},"global_id":"cineslys.com\/val?id=1522","global_id_lineage":["cineslys.com\/val?id=1522"]}],"custom_fields":[],"json_ld":{"@context":"http:\/\/schema.org","@type":"Event","name":"Cita a Ciegas: 13 de febrero","description":"&lt;p&gt;Ap\u00fantate a nuestra newsletter de Cita a Ciegas para participar en la porra y ganar entradas. Volvemos el martes 13 de febrero con un nuevo t\u00edtulo sorpresa. Tras el pase&hellip; &lt;a class=&quot;more-link&quot; href=&quot;https:\/\/cineslys.com\/val\/calendario\/cita-a-ciegas-13-de-febrero\/&quot;&gt;Continue reading &lt;span class=&quot;screen-reader-text&quot;&gt;Cita a Ciegas: 13 de febrero&lt;\/span&gt;&lt;\/a&gt;&lt;\/p&gt;\\n","image":"https:\/\/cineslys.com\/wp-content\/uploads\/2024\/02\/creatividad-redes.jpg","url":"https:\/\/cineslys.com\/val\/calendario\/cita-a-ciegas-13-de-febrero\/","eventAttendanceMode":"https:\/\/schema.org\/OfflineEventAttendanceMode","eventStatus":"https:\/\/schema.org\/EventScheduled","startDate":"2024-02-13T19:30:00+00:00","endDate":"2024-02-13T19:30:00+00:00","location":{"@type":"Place","name":"Cines Lys Valencia","description":"","url":"","address":{"@type":"PostalAddress"},"telephone":"","sameAs":""},"organizer":{"@type":"Person","name":"Lys Cines SLU","description":"","url":"","telephone":"","email":"","sameAs":""},"offers":{"@type":"Offer","price":"4","priceCurrency":"EUR","url":"https:\/\/cineslys.com\/val\/calendario\/cita-a-ciegas-13-de-febrero\/","category":"primary","availability":"inStock","validFrom":"2024-02-08T00:00:00+00:00"},"performer":"Organization"}}