									
{"id":5724,"global_id":"cineslys.com\/val?id=5724","global_id_lineage":["cineslys.com\/val?id=5724"],"author":"1","status":"publish","date":"2024-09-26 10:53:50","date_utc":"2024-09-26 10:53:50","modified":"2024-09-26 10:53:50","modified_utc":"2024-09-26 10:53:50","url":"https:\/\/cineslys.com\/val\/calendario\/conversaciones-de-cine-con-maria-zamora\/","rest_url":"https:\/\/cineslys.com\/val\/wp-json\/tribe\/events\/v1\/events\/5724","title":"Conversaciones de Cine con Mar\u00eda Zamora","description":"<h3><strong>Conversaciones de Cine con Mar\u00eda Zamora<\/strong><br \/>\nViernes, 04 de octubre a las 19:30h<\/h3>\n<p><strong>Conversaciones de Cine con Mar\u00eda Zamora y Pepa Blanes<\/strong><\/p>\n<p><strong>Premio Nacional de Cinematograf\u00eda 2024<\/strong><\/p>\n<p>El viernes 04 de octubre, a las 19:30h, tendremos un encuentro con Mar\u00eda Zamora en los Cines Lys. Viene tras ganar el Premio Nacional de Cinematograf\u00eda de 2024, y tendremos un momento de charla con ella moderado con Pepa Blanes. Una charla centrada sobre el cine valenciano y su fuerza en el panorama nacional. <\/p>\n<p>Precio de entrada 4\u20ac<\/p>\n<p><a href=\"https:\/\/www.reservaentradas.com\/entrada\/valencia\/cineslys\/conversaciones-de-cine-con-maria-zamora-premio-nacional-de-cinematografia-2024\/353799\/?step=2\" rel=\"nofollow noopener\" target=\"_blank\"> <button>Reservar entradas<\/button> <\/a><\/p>","excerpt":"","slug":"conversaciones-de-cine-con-maria-zamora","image":{"url":"https:\/\/cineslys.com\/wp-content\/uploads\/2024\/09\/mariazamora.jpg","id":5735,"extension":"jpg","width":1080,"height":1080,"filesize":153589,"sizes":{"medium":{"width":300,"height":300,"mime-type":"image\/jpeg","filesize":20143,"url":"https:\/\/cineslys.com\/wp-content\/uploads\/2024\/09\/mariazamora-300x300.jpg"},"large":{"width":1024,"height":1024,"mime-type":"image\/jpeg","filesize":134256,"url":"https:\/\/cineslys.com\/wp-content\/uploads\/2024\/09\/mariazamora-1024x1024.jpg"},"thumbnail":{"width":150,"height":150,"mime-type":"image\/jpeg","filesize":6955,"url":"https:\/\/cineslys.com\/wp-content\/uploads\/2024\/09\/mariazamora-150x150.jpg"},"medium_large":{"width":768,"height":768,"mime-type":"image\/jpeg","filesize":85929,"url":"https:\/\/cineslys.com\/wp-content\/uploads\/2024\/09\/mariazamora-768x768.jpg"},"trp-custom-language-flag":{"width":12,"height":12,"mime-type":"image\/jpeg","filesize":1277,"url":"https:\/\/cineslys.com\/wp-content\/uploads\/2024\/09\/mariazamora-12x12.jpg"}}},"all_day":false,"start_date":"2024-10-04 19:30:00","start_date_details":{"year":"2024","month":"10","day":"04","hour":"19","minutes":"30","seconds":"00"},"end_date":"2024-10-04 21:30:00","end_date_details":{"year":"2024","month":"10","day":"04","hour":"21","minutes":"30","seconds":"00"},"utc_start_date":"2024-10-04 19:30:00","utc_start_date_details":{"year":"2024","month":"10","day":"04","hour":"19","minutes":"30","seconds":"00"},"utc_end_date":"2024-10-04 21:30:00","utc_end_date_details":{"year":"2024","month":"10","day":"04","hour":"21","minutes":"30","seconds":"00"},"timezone":"UTC+0","timezone_abbr":"UTC+0","cost":"4\u20ac","cost_details":{"currency_symbol":"\u20ac","currency_code":"","currency_position":"suffix","values":["4"]},"website":"https:\/\/www.reservaentradas.com\/entrada\/valencia\/cineslys\/conversaciones-de-cine-con-maria-zamora-premio-nacional-de-cinematografia-2024\/353799\/?step=2","show_map":false,"show_map_link":true,"hide_from_listings":false,"sticky":true,"featured":true,"categories":[{"name":"Eventos","slug":"eventos","term_group":0,"term_taxonomy_id":24,"taxonomy":"tribe_events_cat","description":"","parent":0,"count":120,"filter":"raw","id":24,"urls":{"self":"https:\/\/cineslys.com\/val\/wp-json\/tribe\/events\/v1\/categories\/24","collection":"https:\/\/cineslys.com\/val\/wp-json\/tribe\/events\/v1\/categories"}},{"name":"Visita de Directores","slug":"visita-de-directores","term_group":0,"term_taxonomy_id":19,"taxonomy":"tribe_events_cat","description":"","parent":0,"count":75,"filter":"raw","id":19,"urls":{"self":"https:\/\/cineslys.com\/val\/wp-json\/tribe\/events\/v1\/categories\/19","collection":"https:\/\/cineslys.com\/val\/wp-json\/tribe\/events\/v1\/categories"}}],"tags":[],"venue":{"id":1521,"author":"1","status":"publish","date":"2023-10-03 17:17:34","date_utc":"2023-10-03 17:17:34","modified":"2023-10-03 17:17:34","modified_utc":"2023-10-03 17:17:34","url":"https:\/\/cineslys.com\/val\/venue\/cines-lys-valencia\/","venue":"Cines Lys Valencia","slug":"cines-lys-valencia","json_ld":{"@type":"Place","name":"Cines Lys Valencia","description":"","url":"","address":{"@type":"PostalAddress"},"telephone":"","sameAs":""},"show_map":true,"show_map_link":true,"global_id":"cineslys.com\/val?id=1521","global_id_lineage":["cineslys.com\/val?id=1521"]},"organizer":[],"custom_fields":[],"json_ld":{"@context":"http:\/\/schema.org","@type":"Event","name":"Conversaciones de Cine con Mar\u00eda Zamora","description":"&lt;p&gt;Conversaciones de Cine con Mar\u00eda Zamora Viernes, 04 de octubre a las 19:30h Conversaciones de Cine con Mar\u00eda Zamora y Pepa Blanes Premio Nacional de Cinematograf\u00eda 2024 El viernes 04&hellip; &lt;a class=&quot;more-link&quot; href=&quot;https:\/\/cineslys.com\/val\/calendario\/conversaciones-de-cine-con-maria-zamora\/&quot;&gt;Continue reading &lt;span class=&quot;screen-reader-text&quot;&gt;Conversaciones de Cine con Mar\u00eda Zamora&lt;\/span&gt;&lt;\/a&gt;&lt;\/p&gt;\\n","image":"https:\/\/cineslys.com\/wp-content\/uploads\/2024\/09\/mariazamora.jpg","url":"https:\/\/cineslys.com\/val\/calendario\/conversaciones-de-cine-con-maria-zamora\/","eventAttendanceMode":"https:\/\/schema.org\/OfflineEventAttendanceMode","eventStatus":"https:\/\/schema.org\/EventScheduled","startDate":"2024-10-04T19:30:00+00:00","endDate":"2024-10-04T21:30:00+00:00","location":{"@type":"Place","name":"Cines Lys Valencia","description":"","url":"","address":{"@type":"PostalAddress"},"telephone":"","sameAs":""},"offers":{"@type":"Offer","price":"4","priceCurrency":"EUR","url":"https:\/\/cineslys.com\/val\/calendario\/conversaciones-de-cine-con-maria-zamora\/","category":"primary","availability":"inStock","validFrom":"2024-09-26T00:00:00+00:00"},"performer":"Organization"}}