									
{"id":7805,"global_id":"cineslys.com\/val?id=7805","global_id_lineage":["cineslys.com\/val?id=7805"],"author":"1","status":"publish","date":"2025-02-19 08:37:01","date_utc":"2025-02-19 08:37:01","modified":"2025-02-19 08:37:02","modified_utc":"2025-02-19 08:37:02","url":"https:\/\/cineslys.com\/val\/calendario\/cita-a-ciegas-25-de-febrero\/","rest_url":"https:\/\/cineslys.com\/val\/wp-json\/tribe\/events\/v1\/events\/7805","title":"Cita a Ciegas: 25 de febrero","description":"<h3><b>Cita a Ciegas: 25 de febrero<\/b><\/h3>\n<h6><a href=\"https:\/\/forms.gle\/CLX2ttBQPB1eZGZ36\" rel=\"nofollow noopener\" target=\"_blank\"><span style=\"color: #de0000;\">\u00danete a nuestra Newsletter de Cita a Ciegas y participa en las porras semanales<\/span><\/a><\/h6>\n<p>El martes nuestros espectadores tuvieron la ocasi\u00f3n de ver \u00ab<strong>A\u00fan Estoy Aqu\u00ed<\/strong>\u00bb, pel\u00edcula dirigida por Walter Salles y protagonizada por Fernanda Torres, Selton Mello, Fernanda Montenegro, y m\u00e1s.<\/p>\n<p>Estreno este viernes 21 de febrero.<\/p>\n<p>\u00bfQu\u00e9 pel\u00edcula ser\u00e1 la del martes que viene?<\/p>\n<p><strong><a href=\"https:\/\/cineslys.com\/socios\/\">Hazte socio de Cines Lys gratuitamente y acumula puntos comprando a 5\u20ac<\/a><\/strong><\/p>\n<p><a href=\"https:\/\/www.reservaentradas.com\/entrada\/valencia\/cineslys\/cita-a-ciegas-con-el-cine\/361012\/?step=2\" rel=\"nofollow noopener\" target=\"_blank\"> <button>Reserva tu entrada<\/button> <\/a><\/p>","excerpt":"","slug":"cita-a-ciegas-25-de-febrero","image":{"url":"https:\/\/cineslys.com\/wp-content\/uploads\/2025\/02\/25-de-febrero.jpg","id":7806,"extension":"jpg","width":900,"height":900,"filesize":322192,"sizes":{"medium":{"width":300,"height":300,"mime-type":"image\/jpeg","filesize":31870,"url":"https:\/\/cineslys.com\/wp-content\/uploads\/2025\/02\/25-de-febrero-300x300.jpg"},"thumbnail":{"width":150,"height":150,"mime-type":"image\/jpeg","filesize":11178,"url":"https:\/\/cineslys.com\/wp-content\/uploads\/2025\/02\/25-de-febrero-150x150.jpg"},"medium_large":{"width":768,"height":768,"mime-type":"image\/jpeg","filesize":135358,"url":"https:\/\/cineslys.com\/wp-content\/uploads\/2025\/02\/25-de-febrero-768x768.jpg"},"trp-custom-language-flag":{"width":12,"height":12,"mime-type":"image\/jpeg","filesize":1400,"url":"https:\/\/cineslys.com\/wp-content\/uploads\/2025\/02\/25-de-febrero-12x12.jpg"}}},"all_day":true,"start_date":"2025-02-25 00:00:00","start_date_details":{"year":"2025","month":"02","day":"25","hour":"00","minutes":"00","seconds":"00"},"end_date":"2025-02-25 23:59:59","end_date_details":{"year":"2025","month":"02","day":"25","hour":"23","minutes":"59","seconds":"59"},"utc_start_date":"2025-02-25 00:00:00","utc_start_date_details":{"year":"2025","month":"02","day":"25","hour":"00","minutes":"00","seconds":"00"},"utc_end_date":"2025-02-25 23:59:59","utc_end_date_details":{"year":"2025","month":"02","day":"25","hour":"23","minutes":"59","seconds":"59"},"timezone":"UTC+0","timezone_abbr":"UTC+0","cost":"5\u20ac","cost_details":{"currency_symbol":"\u20ac","currency_code":"","currency_position":"suffix","values":["5"]},"website":"https:\/\/www.reservaentradas.com\/entrada\/valencia\/cineslys\/cita-a-ciegas-con-el-cine\/361012\/?step=2","show_map":false,"show_map_link":true,"hide_from_listings":false,"sticky":true,"featured":true,"categories":[{"name":"Cita a ciegas","slug":"cita-a-ciegas","term_group":0,"term_taxonomy_id":16,"taxonomy":"tribe_events_cat","description":"","parent":0,"count":107,"filter":"raw","id":16,"urls":{"self":"https:\/\/cineslys.com\/val\/wp-json\/tribe\/events\/v1\/categories\/16","collection":"https:\/\/cineslys.com\/val\/wp-json\/tribe\/events\/v1\/categories"}}],"tags":[],"venue":{"id":1521,"author":"1","status":"publish","date":"2023-10-03 17:17:34","date_utc":"2023-10-03 17:17:34","modified":"2023-10-03 17:17:34","modified_utc":"2023-10-03 17:17:34","url":"https:\/\/cineslys.com\/val\/venue\/cines-lys-valencia\/","venue":"Cines Lys Valencia","slug":"cines-lys-valencia","json_ld":{"@type":"Place","name":"Cines Lys Valencia","description":"","url":"","address":{"@type":"PostalAddress"},"telephone":"","sameAs":""},"show_map":true,"show_map_link":true,"global_id":"cineslys.com\/val?id=1521","global_id_lineage":["cineslys.com\/val?id=1521"]},"organizer":[{"id":1522,"author":"1","status":"publish","date":"2023-10-03 17:17:34","date_utc":"2023-10-03 17:17:34","modified":"2023-10-03 17:17:34","modified_utc":"2023-10-03 17:17:34","url":"https:\/\/cineslys.com\/val\/organizer\/lys-cines-slu\/","organizer":"Lys Cines SLU","slug":"lys-cines-slu","json_ld":{"@type":"Person","name":"Lys Cines SLU","description":"","url":"","telephone":"","email":"","sameAs":""},"global_id":"cineslys.com\/val?id=1522","global_id_lineage":["cineslys.com\/val?id=1522"]}],"custom_fields":[],"json_ld":{"@context":"http:\/\/schema.org","@type":"Event","name":"Cita a Ciegas: 25 de febrero","description":"&lt;p&gt;Cita a Ciegas: 25 de febrero \u00danete a nuestra Newsletter de Cita a Ciegas y participa en las porras semanales El martes nuestros espectadores tuvieron la ocasi\u00f3n de ver \u00abA\u00fan&hellip; &lt;a class=&quot;more-link&quot; href=&quot;https:\/\/cineslys.com\/val\/calendario\/cita-a-ciegas-25-de-febrero\/&quot;&gt;Continue reading &lt;span class=&quot;screen-reader-text&quot;&gt;Cita a Ciegas: 25 de febrero&lt;\/span&gt;&lt;\/a&gt;&lt;\/p&gt;\\n","image":"https:\/\/cineslys.com\/wp-content\/uploads\/2025\/02\/25-de-febrero.jpg","url":"https:\/\/cineslys.com\/val\/calendario\/cita-a-ciegas-25-de-febrero\/","eventAttendanceMode":"https:\/\/schema.org\/OfflineEventAttendanceMode","eventStatus":"https:\/\/schema.org\/EventScheduled","startDate":"2025-02-25T00:00:00+00:00","endDate":"2025-02-25T23:59:59+00:00","location":{"@type":"Place","name":"Cines Lys Valencia","description":"","url":"","address":{"@type":"PostalAddress"},"telephone":"","sameAs":""},"organizer":{"@type":"Person","name":"Lys Cines SLU","description":"","url":"","telephone":"","email":"","sameAs":""},"offers":{"@type":"Offer","price":"5","priceCurrency":"EUR","url":"https:\/\/cineslys.com\/val\/calendario\/cita-a-ciegas-25-de-febrero\/","category":"primary","availability":"inStock","validFrom":"2025-02-19T00:00:00+00:00"},"performer":"Organization"}}