									
{"id":10473,"date":"2025-11-19T12:00:57","date_gmt":"2025-11-19T12:00:57","guid":{"rendered":"https:\/\/cineslys.com\/?p=10473"},"modified":"2025-11-19T12:05:00","modified_gmt":"2025-11-19T12:05:00","slug":"cine-club-lys-la-cena-con-manuel-gomez-pereira","status":"publish","type":"post","link":"https:\/\/cineslys.com\/val\/cine-club-lys\/cine-club-lys-la-cena-con-manuel-gomez-pereira\/","title":{"rendered":"Cine Club Lys: La cena con Manuel G\u00f3mez Pereira"},"content":{"rendered":"<div data-elementor-type=\"wp-post\" data-elementor-id=\"10473\" class=\"elementor elementor-10473\" data-elementor-post-type=\"post\">\n\t\t\t\t\t\t<section class=\"elementor-section elementor-top-section elementor-element elementor-element-4e2487b elementor-section-boxed elementor-section-height-default elementor-section-height-default\" data-id=\"4e2487b\" data-element_type=\"section\">\n\t\t\t\t\t\t<div class=\"elementor-container elementor-column-gap-default\">\n\t\t\t\t\t<div class=\"elementor-column elementor-col-100 elementor-top-column elementor-element elementor-element-dc4517d\" data-id=\"dc4517d\" data-element_type=\"column\">\n\t\t\t<div class=\"elementor-widget-wrap elementor-element-populated\">\n\t\t\t\t\t\t<div class=\"elementor-element elementor-element-075e7c8 elementor-widget elementor-widget-video\" data-id=\"075e7c8\" data-element_type=\"widget\" data-settings=\"{&quot;youtube_url&quot;:&quot;https:\\\/\\\/youtu.be\\\/VVWx84RcuLo&quot;,&quot;video_type&quot;:&quot;youtube&quot;,&quot;controls&quot;:&quot;yes&quot;}\" data-widget_type=\"video.default\">\n\t\t\t\t<div class=\"elementor-widget-container\">\n\t\t\t\t\t\t\t<div class=\"elementor-wrapper elementor-open-inline\">\n\t\t\t<div class=\"elementor-video\"><\/div>\t\t<\/div>\n\t\t\t\t\t\t<\/div>\n\t\t\t\t<\/div>\n\t\t\t\t\t<\/div>\n\t\t<\/div>\n\t\t\t\t\t<\/div>\n\t\t<\/section>\n\t\t\t\t<section class=\"elementor-section elementor-top-section elementor-element elementor-element-3733956 elementor-section-boxed elementor-section-height-default elementor-section-height-default\" data-id=\"3733956\" data-element_type=\"section\">\n\t\t\t\t\t\t<div class=\"elementor-container elementor-column-gap-default\">\n\t\t\t\t\t<div class=\"elementor-column elementor-col-100 elementor-top-column elementor-element elementor-element-3d71fe7\" data-id=\"3d71fe7\" data-element_type=\"column\">\n\t\t\t<div class=\"elementor-widget-wrap elementor-element-populated\">\n\t\t\t\t\t\t<div class=\"elementor-element elementor-element-7a922b5 elementor-widget elementor-widget-heading\" data-id=\"7a922b5\" data-element_type=\"widget\" data-widget_type=\"heading.default\">\n\t\t\t\t<div class=\"elementor-widget-container\">\n\t\t\t\t\t<h2 class=\"elementor-heading-title elementor-size-default\">Cine Club Lys: La cena con Manuel G\u00f3mez Pereira<\/h2>\t\t\t\t<\/div>\n\t\t\t\t<\/div>\n\t\t\t\t\t<\/div>\n\t\t<\/div>\n\t\t\t\t\t<\/div>\n\t\t<\/section>\n\t\t\t\t<section class=\"elementor-section elementor-top-section elementor-element elementor-element-dc216e6 elementor-section-boxed elementor-section-height-default elementor-section-height-default\" data-id=\"dc216e6\" data-element_type=\"section\">\n\t\t\t\t\t\t<div class=\"elementor-container elementor-column-gap-default\">\n\t\t\t\t\t<div class=\"elementor-column elementor-col-100 elementor-top-column elementor-element elementor-element-19e4f7e\" data-id=\"19e4f7e\" data-element_type=\"column\">\n\t\t\t<div class=\"elementor-widget-wrap elementor-element-populated\">\n\t\t\t\t\t\t<div class=\"elementor-element elementor-element-3e87ecf elementor-widget elementor-widget-text-editor\" data-id=\"3e87ecf\" data-element_type=\"widget\" data-widget_type=\"text-editor.default\">\n\t\t\t\t<div class=\"elementor-widget-container\">\n\t\t\t\t\t\t\t\t\t<p>El pasado lunes tuvimos en Cine Club Lys la pel\u00edcula La Cena con presencia del director Manuel G\u00f3mez Pereira, el actor Ferran Gadea, y la productora Lina Badenes.&nbsp;<\/p><p><br><\/p><p>M\u00e1s de 500 espectadores disfrutando con esta comedia espa\u00f1ola (y muy valenciana) que est\u00e1 triunfando en taquilla.&nbsp;<\/p><p><br><\/p><p>Corre a verla: https:\/\/www.reservaentradas.com\/sesiones\/valencia\/cineslys\/la-cena\/6882\/<\/p>\t\t\t\t\t\t\t\t<\/div>\n\t\t\t\t<\/div>\n\t\t\t\t\t<\/div>\n\t\t<\/div>\n\t\t\t\t\t<\/div>\n\t\t<\/section>\n\t\t\t\t<\/div>","protected":false},"excerpt":{"rendered":"<p>Cine Club Lys: La cena con Manuel G\u00f3mez Pereira El pasado lunes tuvimos en Cine Club Lys la pel\u00edcula La Cena con presencia del director Manuel G\u00f3mez Pereira, el actor&hellip; <a class=\"more-link\" href=\"https:\/\/cineslys.com\/val\/cine-club-lys\/cine-club-lys-la-cena-con-manuel-gomez-pereira\/\">Continue reading <span class=\"screen-reader-text\">Cine Club Lys: La cena con Manuel G\u00f3mez Pereira<\/span><\/a><\/p>","protected":false},"author":1,"featured_media":10478,"comment_status":"closed","ping_status":"closed","sticky":false,"template":"","format":"standard","meta":{"footnotes":""},"categories":[15],"tags":[],"class_list":["post-10473","post","type-post","status-publish","format-standard","has-post-thumbnail","hentry","category-cine-club-lys","entry"],"_links":{"self":[{"href":"https:\/\/cineslys.com\/val\/wp-json\/wp\/v2\/posts\/10473","targetHints":{"allow":["GET"]}}],"collection":[{"href":"https:\/\/cineslys.com\/val\/wp-json\/wp\/v2\/posts"}],"about":[{"href":"https:\/\/cineslys.com\/val\/wp-json\/wp\/v2\/types\/post"}],"author":[{"embeddable":true,"href":"https:\/\/cineslys.com\/val\/wp-json\/wp\/v2\/users\/1"}],"replies":[{"embeddable":true,"href":"https:\/\/cineslys.com\/val\/wp-json\/wp\/v2\/comments?post=10473"}],"version-history":[{"count":0,"href":"https:\/\/cineslys.com\/val\/wp-json\/wp\/v2\/posts\/10473\/revisions"}],"wp:featuredmedia":[{"embeddable":true,"href":"https:\/\/cineslys.com\/val\/wp-json\/wp\/v2\/media\/10478"}],"wp:attachment":[{"href":"https:\/\/cineslys.com\/val\/wp-json\/wp\/v2\/media?parent=10473"}],"wp:term":[{"taxonomy":"category","embeddable":true,"href":"https:\/\/cineslys.com\/val\/wp-json\/wp\/v2\/categories?post=10473"},{"taxonomy":"post_tag","embeddable":true,"href":"https:\/\/cineslys.com\/val\/wp-json\/wp\/v2\/tags?post=10473"}],"curies":[{"name":"wp","href":"https:\/\/api.w.org\/{rel}","templated":true}]}}