									
{"id":10601,"date":"2025-12-02T15:58:22","date_gmt":"2025-12-02T15:58:22","guid":{"rendered":"https:\/\/cineslys.com\/?p=10601"},"modified":"2025-12-02T16:10:07","modified_gmt":"2025-12-02T16:10:07","slug":"cine-club-lys-frontera-con-judith-colell","status":"publish","type":"post","link":"https:\/\/cineslys.com\/val\/cine-club-lys\/cine-club-lys-frontera-con-judith-colell\/","title":{"rendered":"Cine Club Lys: Frontera con Judith Colell"},"content":{"rendered":"<div data-elementor-type=\"wp-post\" data-elementor-id=\"10601\" class=\"elementor elementor-10601\" data-elementor-post-type=\"post\">\n\t\t\t\t\t\t<section class=\"elementor-section elementor-top-section elementor-element elementor-element-78aabf0f elementor-section-boxed elementor-section-height-default elementor-section-height-default\" data-id=\"78aabf0f\" data-element_type=\"section\">\n\t\t\t\t\t\t<div class=\"elementor-container elementor-column-gap-default\">\n\t\t\t\t\t<div class=\"elementor-column elementor-col-100 elementor-top-column elementor-element elementor-element-1d5c746d\" data-id=\"1d5c746d\" data-element_type=\"column\">\n\t\t\t<div class=\"elementor-widget-wrap elementor-element-populated\">\n\t\t\t\t\t\t<div class=\"elementor-element elementor-element-1c57ffba elementor-widget elementor-widget-text-editor\" data-id=\"1c57ffba\" data-element_type=\"widget\" data-widget_type=\"text-editor.default\">\n\t\t\t\t<div class=\"elementor-widget-container\">\n\t\t\t\t\t\t\t\t\t\n<p><a href=\"https:\/\/www.youtube.com\/@cineslysvalencia\" rel=\"nofollow noopener\" target=\"_blank\"><\/a><\/p>\n\t\t\t\t\t\t\t\t<\/div>\n\t\t\t\t<\/div>\n\t\t\t\t\t<\/div>\n\t\t<\/div>\n\t\t\t\t\t<\/div>\n\t\t<\/section>\n\t\t\t\t<section class=\"elementor-section elementor-top-section elementor-element elementor-element-3e1a866 elementor-section-boxed elementor-section-height-default elementor-section-height-default\" data-id=\"3e1a866\" data-element_type=\"section\">\n\t\t\t\t\t\t<div class=\"elementor-container elementor-column-gap-default\">\n\t\t\t\t\t<div class=\"elementor-column elementor-col-100 elementor-top-column elementor-element elementor-element-270371e\" data-id=\"270371e\" data-element_type=\"column\">\n\t\t\t<div class=\"elementor-widget-wrap elementor-element-populated\">\n\t\t\t\t\t\t<div class=\"elementor-element elementor-element-2a5f480 elementor-widget elementor-widget-video\" data-id=\"2a5f480\" data-element_type=\"widget\" data-settings=\"{&quot;youtube_url&quot;:&quot;https:\\\/\\\/www.youtube.com\\\/watch?v=jy4MshvaSjc&quot;,&quot;video_type&quot;:&quot;youtube&quot;,&quot;controls&quot;:&quot;yes&quot;}\" data-widget_type=\"video.default\">\n\t\t\t\t<div class=\"elementor-widget-container\">\n\t\t\t\t\t\t\t<div class=\"elementor-wrapper elementor-open-inline\">\n\t\t\t<div class=\"elementor-video\"><\/div>\t\t<\/div>\n\t\t\t\t\t\t<\/div>\n\t\t\t\t<\/div>\n\t\t\t\t\t<\/div>\n\t\t<\/div>\n\t\t\t\t\t<\/div>\n\t\t<\/section>\n\t\t\t\t<section class=\"elementor-section elementor-top-section elementor-element elementor-element-6b2884d elementor-section-boxed elementor-section-height-default elementor-section-height-default\" data-id=\"6b2884d\" data-element_type=\"section\">\n\t\t\t\t\t\t<div class=\"elementor-container elementor-column-gap-default\">\n\t\t\t\t\t<div class=\"elementor-column elementor-col-100 elementor-top-column elementor-element elementor-element-8810e7b\" data-id=\"8810e7b\" data-element_type=\"column\">\n\t\t\t<div class=\"elementor-widget-wrap elementor-element-populated\">\n\t\t\t\t\t\t<div class=\"elementor-element elementor-element-ebc93f0 elementor-widget elementor-widget-heading\" data-id=\"ebc93f0\" data-element_type=\"widget\" data-widget_type=\"heading.default\">\n\t\t\t\t<div class=\"elementor-widget-container\">\n\t\t\t\t\t<h2 class=\"elementor-heading-title elementor-size-default\">Cine Club Lys: Frontera con Judith Colell\n<\/h2>\t\t\t\t<\/div>\n\t\t\t\t<\/div>\n\t\t\t\t\t<\/div>\n\t\t<\/div>\n\t\t\t\t\t<\/div>\n\t\t<\/section>\n\t\t\t\t<section class=\"elementor-section elementor-top-section elementor-element elementor-element-2e87ab0 elementor-section-boxed elementor-section-height-default elementor-section-height-default\" data-id=\"2e87ab0\" data-element_type=\"section\">\n\t\t\t\t\t\t<div class=\"elementor-container elementor-column-gap-default\">\n\t\t\t\t\t<div class=\"elementor-column elementor-col-100 elementor-top-column elementor-element elementor-element-0997595\" data-id=\"0997595\" data-element_type=\"column\">\n\t\t\t<div class=\"elementor-widget-wrap elementor-element-populated\">\n\t\t\t\t\t\t<div class=\"elementor-element elementor-element-cfa86b1 elementor-widget elementor-widget-text-editor\" data-id=\"cfa86b1\" data-element_type=\"widget\" data-widget_type=\"text-editor.default\">\n\t\t\t\t<div class=\"elementor-widget-container\">\n\t\t\t\t\t\t\t\t\t<p><span class=\"yt-core-attributed-string--link-inherit-color\" dir=\"auto\">Ayer en <\/span><span class=\"yt-core-attributed-string--link-inherit-color\" dir=\"auto\"><a class=\"yt-core-attributed-string__link yt-core-attributed-string__link--call-to-action-color\" tabindex=\"0\" href=\"https:\/\/www.youtube.com\/hashtag\/cineclublys\" target=\"\" rel=\"nofollow noopener\">#CineClubLys<\/a><\/span><span class=\"yt-core-attributed-string--link-inherit-color\" dir=\"auto\"> pudimos ver en preestreno <\/span><span class=\"yt-core-attributed-string--link-inherit-color\" dir=\"auto\"><a class=\"yt-core-attributed-string__link yt-core-attributed-string__link--call-to-action-color\" tabindex=\"0\" href=\"https:\/\/www.youtube.com\/hashtag\/frontera\" target=\"\" rel=\"nofollow noopener\">#Frontera<\/a><\/span><span class=\"yt-core-attributed-string--link-inherit-color\" dir=\"auto\"> de Judith Colell, quien estuvo con el p\u00fablico teniendo un coloquio que nos encant\u00f3.&nbsp;<\/span><\/p><p><span class=\"yt-core-attributed-string--link-inherit-color\" dir=\"auto\"><br><\/span><\/p><p><span class=\"yt-core-attributed-string--link-inherit-color\" dir=\"auto\">Si no eres de nuestro Cine Club y te quedaste sin verla, recuerda que puedes verla a partir del 12 de diciembre&nbsp;<\/span><\/p><p><span class=\"yt-core-attributed-string--link-inherit-color\" dir=\"auto\"><br><\/span><\/p><p><span class=\"yt-core-attributed-string--link-inherit-color\" dir=\"auto\">Sinopsis: A\u00f1o 1943, plena guerra en Europa. Franco ha bloqueado el paso de jud\u00edos que huyen de la represi\u00f3n nazi por los Pirineos. En la aduana de un pueblo fronterizo, Manel Grau, un funcionario con pasado republicano, decide contravenir las \u00f3rdenes ayudado por Juliana, una vecina del pueblo, y Jer\u00f4me, un pasador franc\u00e9s. Entre todos inician una cruzada para ayudar a huir a tantos jud\u00edos como sea posible. Es entonces cuando Manel se ver\u00e1 atrapado en una peligrosa odisea que despertar\u00e1 en \u00e9l y en su mujer Merc\u00e9 viejos fantasmas de la todav\u00eda reciente guerra civil espa\u00f1ola.<\/span><\/p>\t\t\t\t\t\t\t\t<\/div>\n\t\t\t\t<\/div>\n\t\t\t\t\t<\/div>\n\t\t<\/div>\n\t\t\t\t\t<\/div>\n\t\t<\/section>\n\t\t\t\t<\/div>","protected":false},"excerpt":{"rendered":"<p>Cine Club Lys: Frontera con Judith Colell Ayer en #CineClubLys pudimos ver en preestreno #Frontera de Judith Colell, quien estuvo con el p\u00fablico teniendo un coloquio que nos encant\u00f3.&nbsp; Si&hellip; <a class=\"more-link\" href=\"https:\/\/cineslys.com\/val\/cine-club-lys\/cine-club-lys-frontera-con-judith-colell\/\">Continue reading <span class=\"screen-reader-text\">Cine Club Lys: Frontera con Judith Colell<\/span><\/a><\/p>","protected":false},"author":1,"featured_media":10606,"comment_status":"closed","ping_status":"closed","sticky":false,"template":"","format":"standard","meta":{"footnotes":""},"categories":[15],"tags":[],"class_list":["post-10601","post","type-post","status-publish","format-standard","has-post-thumbnail","hentry","category-cine-club-lys","entry"],"_links":{"self":[{"href":"https:\/\/cineslys.com\/val\/wp-json\/wp\/v2\/posts\/10601","targetHints":{"allow":["GET"]}}],"collection":[{"href":"https:\/\/cineslys.com\/val\/wp-json\/wp\/v2\/posts"}],"about":[{"href":"https:\/\/cineslys.com\/val\/wp-json\/wp\/v2\/types\/post"}],"author":[{"embeddable":true,"href":"https:\/\/cineslys.com\/val\/wp-json\/wp\/v2\/users\/1"}],"replies":[{"embeddable":true,"href":"https:\/\/cineslys.com\/val\/wp-json\/wp\/v2\/comments?post=10601"}],"version-history":[{"count":0,"href":"https:\/\/cineslys.com\/val\/wp-json\/wp\/v2\/posts\/10601\/revisions"}],"wp:featuredmedia":[{"embeddable":true,"href":"https:\/\/cineslys.com\/val\/wp-json\/wp\/v2\/media\/10606"}],"wp:attachment":[{"href":"https:\/\/cineslys.com\/val\/wp-json\/wp\/v2\/media?parent=10601"}],"wp:term":[{"taxonomy":"category","embeddable":true,"href":"https:\/\/cineslys.com\/val\/wp-json\/wp\/v2\/categories?post=10601"},{"taxonomy":"post_tag","embeddable":true,"href":"https:\/\/cineslys.com\/val\/wp-json\/wp\/v2\/tags?post=10601"}],"curies":[{"name":"wp","href":"https:\/\/api.w.org\/{rel}","templated":true}]}}