									
{"id":1175,"date":"2023-08-28T17:15:57","date_gmt":"2023-08-28T17:15:57","guid":{"rendered":"https:\/\/cineslys.com\/?p=1175"},"modified":"2023-08-28T17:28:30","modified_gmt":"2023-08-28T17:28:30","slug":"creatura-con-elena-martin-en-cines-lys-valencia","status":"publish","type":"post","link":"https:\/\/cineslys.com\/val\/estrenos\/creatura-con-elena-martin-en-cines-lys-valencia\/","title":{"rendered":"Creatura con Elena Mart\u00edn en Cines Lys Valencia"},"content":{"rendered":"<div data-elementor-type=\"wp-post\" data-elementor-id=\"1175\" class=\"elementor elementor-1175\" data-elementor-post-type=\"post\">\n\t\t\t\t\t\t<section class=\"elementor-section elementor-top-section elementor-element elementor-element-7d2c6103 elementor-section-boxed elementor-section-height-default elementor-section-height-default\" data-id=\"7d2c6103\" data-element_type=\"section\">\n\t\t\t\t\t\t<div class=\"elementor-container elementor-column-gap-default\">\n\t\t\t\t\t<div class=\"elementor-column elementor-col-100 elementor-top-column elementor-element elementor-element-43b703f5\" data-id=\"43b703f5\" data-element_type=\"column\">\n\t\t\t<div class=\"elementor-widget-wrap elementor-element-populated\">\n\t\t\t\t\t\t<div class=\"elementor-element elementor-element-102f2876 elementor-widget elementor-widget-image\" data-id=\"102f2876\" data-element_type=\"widget\" data-widget_type=\"image.default\">\n\t\t\t\t<div class=\"elementor-widget-container\">\n\t\t\t\t\t\t\t\t\t\t\t\t\t\t\t<img decoding=\"async\" src=\"https:\/\/cineslys.com\/wp-content\/uploads\/2023\/08\/creatura-cines-lys.jpg\" title=\"\" alt=\"\" loading=\"lazy\">\t\t\t\t\t\t\t\t\t\t\t\t\t\t\t<\/div>\n\t\t\t\t<\/div>\n\t\t\t\t<div class=\"elementor-element elementor-element-34937694 elementor-widget elementor-widget-text-editor\" data-id=\"34937694\" data-element_type=\"widget\" data-widget_type=\"text-editor.default\">\n\t\t\t\t<div class=\"elementor-widget-container\">\n\t\t\t\t\t\t\t\t\t<p>Estreno de Creatura el 8 de Septiembre en Cines Lys<\/p>\t\t\t\t\t\t\t\t<\/div>\n\t\t\t\t<\/div>\n\t\t\t\t<div class=\"elementor-element elementor-element-399e806 elementor-widget elementor-widget-text-editor\" data-id=\"399e806\" data-element_type=\"widget\" data-widget_type=\"text-editor.default\">\n\t\t\t\t<div class=\"elementor-widget-container\">\n\t\t\t\t\t\t\t\t\t<p>Tuvimos la ocasi\u00f3n de contar con la visita de Elena Mart\u00edn hace unos meses con motivo del estreno de otra pel\u00edcula. Quisimos aprovechar para hacer este v\u00eddeo que os dejamos aqu\u00ed, donde os explica la historia que nos narra su pr\u00f3ximo trabajo: <strong>Creatura.<\/strong><\/p><p><strong><br><\/strong><\/p><strong>\n<\/strong><p><strong>Sinopsis:<\/strong><\/p>\n<p class=\"p2\">Tras mudarse con su pareja a un nuevo hogar, Mila se da cuenta de que su p\u00e9rdida de deseo se encuentra en s\u00ed misma. A partir de ah\u00ed, empieza un viaje en el que revisita experiencias de su infancia y adolescencia con la esperanza de reconciliarse con su propio cuerpo.<\/p>\t\t\t\t\t\t\t\t<\/div>\n\t\t\t\t<\/div>\n\t\t\t\t<div class=\"elementor-element elementor-element-3a7d1368 elementor-widget elementor-widget-video\" data-id=\"3a7d1368\" data-element_type=\"widget\" data-settings=\"{&quot;youtube_url&quot;:&quot;https:\\\/\\\/www.youtube.com\\\/watch?v=WptZnfcIzBU&quot;,&quot;video_type&quot;:&quot;youtube&quot;,&quot;controls&quot;:&quot;yes&quot;}\" data-widget_type=\"video.default\">\n\t\t\t\t<div class=\"elementor-widget-container\">\n\t\t\t\t\t\t\t<div class=\"elementor-wrapper elementor-open-inline\">\n\t\t\t<div class=\"elementor-video\"><\/div>\t\t<\/div>\n\t\t\t\t\t\t<\/div>\n\t\t\t\t<\/div>\n\t\t\t\t\t<\/div>\n\t\t<\/div>\n\t\t\t\t\t<\/div>\n\t\t<\/section>\n\t\t\t\t<\/div>","protected":false},"excerpt":{"rendered":"<p>Este 8 de septiembre estrenamos Creatura y quien mejor que Elena Mart\u00edn para hablarnos de su proyecto.<\/p>","protected":false},"author":1,"featured_media":0,"comment_status":"closed","ping_status":"closed","sticky":false,"template":"","format":"standard","meta":{"footnotes":""},"categories":[1],"tags":[],"class_list":["post-1175","post","type-post","status-publish","format-standard","hentry","category-estrenos","entry"],"_links":{"self":[{"href":"https:\/\/cineslys.com\/val\/wp-json\/wp\/v2\/posts\/1175","targetHints":{"allow":["GET"]}}],"collection":[{"href":"https:\/\/cineslys.com\/val\/wp-json\/wp\/v2\/posts"}],"about":[{"href":"https:\/\/cineslys.com\/val\/wp-json\/wp\/v2\/types\/post"}],"author":[{"embeddable":true,"href":"https:\/\/cineslys.com\/val\/wp-json\/wp\/v2\/users\/1"}],"replies":[{"embeddable":true,"href":"https:\/\/cineslys.com\/val\/wp-json\/wp\/v2\/comments?post=1175"}],"version-history":[{"count":0,"href":"https:\/\/cineslys.com\/val\/wp-json\/wp\/v2\/posts\/1175\/revisions"}],"wp:attachment":[{"href":"https:\/\/cineslys.com\/val\/wp-json\/wp\/v2\/media?parent=1175"}],"wp:term":[{"taxonomy":"category","embeddable":true,"href":"https:\/\/cineslys.com\/val\/wp-json\/wp\/v2\/categories?post=1175"},{"taxonomy":"post_tag","embeddable":true,"href":"https:\/\/cineslys.com\/val\/wp-json\/wp\/v2\/tags?post=1175"}],"curies":[{"name":"wp","href":"https:\/\/api.w.org\/{rel}","templated":true}]}}