									
{"id":1182,"date":"2023-08-29T11:51:43","date_gmt":"2023-08-29T11:51:43","guid":{"rendered":"https:\/\/cineslys.com\/?p=1182"},"modified":"2023-09-13T10:02:34","modified_gmt":"2023-09-13T10:02:34","slug":"las-dos-caras-de-la-justicia","status":"publish","type":"post","link":"https:\/\/cineslys.com\/val\/estrenos\/las-dos-caras-de-la-justicia\/","title":{"rendered":"Las dos caras de la justicia"},"content":{"rendered":"<div data-elementor-type=\"wp-post\" data-elementor-id=\"1182\" class=\"elementor elementor-1182\" data-elementor-post-type=\"post\">\n\t\t\t\t\t\t<section class=\"elementor-section elementor-top-section elementor-element elementor-element-18b508da elementor-section-boxed elementor-section-height-default elementor-section-height-default\" data-id=\"18b508da\" data-element_type=\"section\">\n\t\t\t\t\t\t<div class=\"elementor-container elementor-column-gap-default\">\n\t\t\t\t\t<div class=\"elementor-column elementor-col-100 elementor-top-column elementor-element elementor-element-4e0735ae\" data-id=\"4e0735ae\" data-element_type=\"column\">\n\t\t\t<div class=\"elementor-widget-wrap elementor-element-populated\">\n\t\t\t\t\t\t<div class=\"elementor-element elementor-element-514b49c2 elementor-widget elementor-widget-image\" data-id=\"514b49c2\" data-element_type=\"widget\" data-widget_type=\"image.default\">\n\t\t\t\t<div class=\"elementor-widget-container\">\n\t\t\t\t\t\t\t\t\t\t\t\t\t\t\t<img fetchpriority=\"high\" decoding=\"async\" width=\"1200\" height=\"630\" src=\"https:\/\/cineslys.com\/wp-content\/uploads\/2023\/08\/las-dos-caras-justicia.jpg\" class=\"attachment-full size-full wp-image-1183\" alt=\"\" srcset=\"https:\/\/cineslys.com\/wp-content\/uploads\/2023\/08\/las-dos-caras-justicia.jpg 1200w, https:\/\/cineslys.com\/wp-content\/uploads\/2023\/08\/las-dos-caras-justicia-300x158.jpg 300w, https:\/\/cineslys.com\/wp-content\/uploads\/2023\/08\/las-dos-caras-justicia-1024x538.jpg 1024w, https:\/\/cineslys.com\/wp-content\/uploads\/2023\/08\/las-dos-caras-justicia-768x403.jpg 768w\" sizes=\"(max-width: 1200px) 100vw, 1200px\" style=\"width:100%;height:52.5%;max-width:1200px\" title=\"\">\t\t\t\t\t\t\t\t\t\t\t\t\t\t\t<\/div>\n\t\t\t\t<\/div>\n\t\t\t\t<div class=\"elementor-element elementor-element-7795ab75 elementor-widget elementor-widget-text-editor\" data-id=\"7795ab75\" data-element_type=\"widget\" data-widget_type=\"text-editor.default\">\n\t\t\t\t<div class=\"elementor-widget-container\">\n\t\t\t\t\t\t\t\t\t<p>Las dos caras de la justicia\u00a0<\/p>\t\t\t\t\t\t\t\t<\/div>\n\t\t\t\t<\/div>\n\t\t\t\t<div class=\"elementor-element elementor-element-55ba1c1a elementor-widget elementor-widget-text-editor\" data-id=\"55ba1c1a\" data-element_type=\"widget\" data-widget_type=\"text-editor.default\">\n\t\t\t\t<div class=\"elementor-widget-container\">\n\t\t\t\t\t\t\t\t\t<p><strong>LAS DOS CARAS DE LA JUSTICIA<\/strong> es una alentadora mirada a la justicia restaurativa. Tras optar a los premios C\u00e9sar a la mejor pel\u00edcula, la mejor direcci\u00f3n y el mejor guion original por EN BUENAS MANOS, Jeanne Herry nos regala otro conmovedor drama en torno a la resistencia del esp\u00edritu humano, con <strong>Ad\u00e8le Exarchopoulos<\/strong> (LA VIDA DE AD\u00c8LE) al frente de un reparto coral extraordinario. Hablamos, nada m\u00e1s y nada menos, de la pel\u00edcula m\u00e1s querida en Francia desde INTOCABLE, un \u00e9xito de cr\u00edtica y p\u00fablico que impacta, remueve y consuela.<br \/><br \/><\/p><p><strong>Sinopsis:<\/strong> La justicia restaurativa ofrece a v\u00edctimas y responsables de delitos la posibilidad de reunirse en un entorno seguro, bajo supervisi\u00f3n profesional. Por el camino, experimentan la rabia y la esperanza, el silencio y la palabra. Las alianzas, las rupturas. La confianza recobrada. Y, al final, solo a veces, la reparaci\u00f3n del alma.<\/p><p>\u00a0<\/p><h4><strong>\u00bfQu\u00e9 dice la cr\u00edtica?\u00a0<\/strong><\/h4><p>\u2705 \u00abTodo suena a verdad en esta pel\u00edcula\u00bb.- Cineuropa<br \/>\u2705 \u00abEmocionante y excelentemente interpretadada, desborda humanidad\u00bb.- Le Parisien<br \/>\u2705 \u00abMagn\u00edfica pel\u00edcula sobre el v\u00ednculo entre victimas y agresores\u00bb.- Bande A Part<br \/>\u2705 \u00abFascinante cara a cara entre v\u00edctimas y agresores\u00bb.- Le Figaro<br \/>\u2705 \u00abUn drama implacable, impregnado del humanismo de Doce hombres sin piedad\u00bb.- Paris Match<\/p>\t\t\t\t\t\t\t\t<\/div>\n\t\t\t\t<\/div>\n\t\t\t\t<div class=\"elementor-element elementor-element-205453d elementor-align-center elementor-widget elementor-widget-button\" data-id=\"205453d\" data-element_type=\"widget\" data-widget_type=\"button.default\">\n\t\t\t\t<div class=\"elementor-widget-container\">\n\t\t\t\t\t\t\t\t\t<div class=\"elementor-button-wrapper\">\n\t\t\t\t\t<a class=\"elementor-button elementor-button-link elementor-size-sm\" href=\"http:\/\/www.reservaentradas.com\/sesiones\/valencia\/cineslys\/las-dos-caras-de-la-justicia\/5821\/\" rel=\"nofollow noopener\" target=\"_blank\">\n\t\t\t\t\t\t<span class=\"elementor-button-content-wrapper\">\n\t\t\t\t\t\t\t\t\t<span class=\"elementor-button-text\">Comprar entradas<\/span>\n\t\t\t\t\t<\/span>\n\t\t\t\t\t<\/a>\n\t\t\t\t<\/div>\n\t\t\t\t\t\t\t\t<\/div>\n\t\t\t\t<\/div>\n\t\t\t\t<div class=\"elementor-element elementor-element-20193137 elementor-widget elementor-widget-video\" data-id=\"20193137\" data-element_type=\"widget\" data-settings=\"{&quot;youtube_url&quot;:&quot;https:\\\/\\\/www.youtube.com\\\/watch?v=YUfXV9M-XiE&quot;,&quot;video_type&quot;:&quot;youtube&quot;,&quot;controls&quot;:&quot;yes&quot;}\" data-widget_type=\"video.default\">\n\t\t\t\t<div class=\"elementor-widget-container\">\n\t\t\t\t\t\t\t<div class=\"elementor-wrapper elementor-open-inline\">\n\t\t\t<div class=\"elementor-video\"><\/div>\t\t<\/div>\n\t\t\t\t\t\t<\/div>\n\t\t\t\t<\/div>\n\t\t\t\t\t<\/div>\n\t\t<\/div>\n\t\t\t\t\t<\/div>\n\t\t<\/section>\n\t\t\t\t<section class=\"elementor-section elementor-top-section elementor-element elementor-element-8068856 elementor-section-boxed elementor-section-height-default elementor-section-height-default\" data-id=\"8068856\" data-element_type=\"section\">\n\t\t\t\t\t\t<div class=\"elementor-container elementor-column-gap-default\">\n\t\t\t\t\t<div class=\"elementor-column elementor-col-33 elementor-top-column elementor-element elementor-element-b07e712\" data-id=\"b07e712\" data-element_type=\"column\">\n\t\t\t<div class=\"elementor-widget-wrap\">\n\t\t\t\t\t\t\t<\/div>\n\t\t<\/div>\n\t\t\t\t<div class=\"elementor-column elementor-col-33 elementor-top-column elementor-element elementor-element-cd41e56\" data-id=\"cd41e56\" data-element_type=\"column\">\n\t\t\t<div class=\"elementor-widget-wrap elementor-element-populated\">\n\t\t\t\t\t\t<div class=\"elementor-element elementor-element-dc77b53 elementor-widget elementor-widget-image\" data-id=\"dc77b53\" data-element_type=\"widget\" data-widget_type=\"image.default\">\n\t\t\t\t<div class=\"elementor-widget-container\">\n\t\t\t\t\t\t\t\t\t\t\t\t\t\t\t<img decoding=\"async\" src=\"https:\/\/cineslys.com\/wp-content\/uploads\/elementor\/thumbs\/lys-logo-noname.d02d1035-q99669bt2jkuozy09n2t75npjdqd7vn5itus1o5ccw.png\" title=\"lys-logo-noname.d02d1035\" alt=\"lys-logo-noname.d02d1035\" loading=\"lazy\" \/>\t\t\t\t\t\t\t\t\t\t\t\t\t\t\t<\/div>\n\t\t\t\t<\/div>\n\t\t\t\t\t<\/div>\n\t\t<\/div>\n\t\t\t\t<div class=\"elementor-column elementor-col-33 elementor-top-column elementor-element elementor-element-015000d\" data-id=\"015000d\" data-element_type=\"column\">\n\t\t\t<div class=\"elementor-widget-wrap\">\n\t\t\t\t\t\t\t<\/div>\n\t\t<\/div>\n\t\t\t\t\t<\/div>\n\t\t<\/section>\n\t\t\t\t<\/div>","protected":false},"excerpt":{"rendered":"<p>Este viernes 8 de septiembre estrenamos \u00abLas dos caras de la justicia\u00bb, \u00a1pelicul\u00f3n!<\/p>","protected":false},"author":1,"featured_media":1183,"comment_status":"closed","ping_status":"closed","sticky":false,"template":"","format":"standard","meta":{"footnotes":""},"categories":[1],"tags":[],"class_list":["post-1182","post","type-post","status-publish","format-standard","has-post-thumbnail","hentry","category-estrenos","entry"],"_links":{"self":[{"href":"https:\/\/cineslys.com\/val\/wp-json\/wp\/v2\/posts\/1182","targetHints":{"allow":["GET"]}}],"collection":[{"href":"https:\/\/cineslys.com\/val\/wp-json\/wp\/v2\/posts"}],"about":[{"href":"https:\/\/cineslys.com\/val\/wp-json\/wp\/v2\/types\/post"}],"author":[{"embeddable":true,"href":"https:\/\/cineslys.com\/val\/wp-json\/wp\/v2\/users\/1"}],"replies":[{"embeddable":true,"href":"https:\/\/cineslys.com\/val\/wp-json\/wp\/v2\/comments?post=1182"}],"version-history":[{"count":0,"href":"https:\/\/cineslys.com\/val\/wp-json\/wp\/v2\/posts\/1182\/revisions"}],"wp:featuredmedia":[{"embeddable":true,"href":"https:\/\/cineslys.com\/val\/wp-json\/wp\/v2\/media\/1183"}],"wp:attachment":[{"href":"https:\/\/cineslys.com\/val\/wp-json\/wp\/v2\/media?parent=1182"}],"wp:term":[{"taxonomy":"category","embeddable":true,"href":"https:\/\/cineslys.com\/val\/wp-json\/wp\/v2\/categories?post=1182"},{"taxonomy":"post_tag","embeddable":true,"href":"https:\/\/cineslys.com\/val\/wp-json\/wp\/v2\/tags?post=1182"}],"curies":[{"name":"wp","href":"https:\/\/api.w.org\/{rel}","templated":true}]}}