									
{"id":1250,"date":"2023-09-12T14:23:06","date_gmt":"2023-09-12T14:23:06","guid":{"rendered":"https:\/\/cineslys.com\/?p=1250"},"modified":"2023-09-12T14:37:53","modified_gmt":"2023-09-12T14:37:53","slug":"cuco-lo-ultimo-de-mar-targarona","status":"publish","type":"post","link":"https:\/\/cineslys.com\/val\/estrenos\/cuco-lo-ultimo-de-mar-targarona\/","title":{"rendered":"El Cuco, lo \u00faltimo de Mar Targarona"},"content":{"rendered":"<div data-elementor-type=\"wp-post\" data-elementor-id=\"1250\" class=\"elementor elementor-1250\" data-elementor-post-type=\"post\">\n\t\t\t\t\t\t<section class=\"elementor-section elementor-top-section elementor-element elementor-element-5e76544d elementor-section-boxed elementor-section-height-default elementor-section-height-default\" data-id=\"5e76544d\" data-element_type=\"section\">\n\t\t\t\t\t\t<div class=\"elementor-container elementor-column-gap-default\">\n\t\t\t\t\t<div class=\"elementor-column elementor-col-100 elementor-top-column elementor-element elementor-element-3687e86a\" data-id=\"3687e86a\" data-element_type=\"column\">\n\t\t\t<div class=\"elementor-widget-wrap elementor-element-populated\">\n\t\t\t\t\t\t<div class=\"elementor-element elementor-element-56f16ffe elementor-widget elementor-widget-image\" data-id=\"56f16ffe\" data-element_type=\"widget\" data-widget_type=\"image.default\">\n\t\t\t\t<div class=\"elementor-widget-container\">\n\t\t\t\t\t\t\t\t\t\t\t\t\t\t\t<img fetchpriority=\"high\" decoding=\"async\" width=\"750\" height=\"394\" src=\"https:\/\/cineslys.com\/wp-content\/uploads\/2023\/09\/EL-CUCO-ESTRENO-CINESLYS-1024x538.jpg\" class=\"attachment-large size-large wp-image-1252\" alt=\"\" srcset=\"https:\/\/cineslys.com\/wp-content\/uploads\/2023\/09\/EL-CUCO-ESTRENO-CINESLYS-1024x538.jpg 1024w, https:\/\/cineslys.com\/wp-content\/uploads\/2023\/09\/EL-CUCO-ESTRENO-CINESLYS-300x158.jpg 300w, https:\/\/cineslys.com\/wp-content\/uploads\/2023\/09\/EL-CUCO-ESTRENO-CINESLYS-768x403.jpg 768w, https:\/\/cineslys.com\/wp-content\/uploads\/2023\/09\/EL-CUCO-ESTRENO-CINESLYS.jpg 1200w\" sizes=\"(max-width: 750px) 100vw, 750px\" style=\"width:100%;height:52.5%;max-width:1200px\" title=\"\">\t\t\t\t\t\t\t\t\t\t\t\t\t\t\t<\/div>\n\t\t\t\t<\/div>\n\t\t\t\t<div class=\"elementor-element elementor-element-4c6e99f7 elementor-widget elementor-widget-text-editor\" data-id=\"4c6e99f7\" data-element_type=\"widget\" data-widget_type=\"text-editor.default\">\n\t\t\t\t<div class=\"elementor-widget-container\">\n\t\t\t\t\t\t\t\t\t<p>\u00abEl Cuco\u00bb lo \u00faltimo de Mar Targarona. Estreno 15 de septiembre<\/p>\t\t\t\t\t\t\t\t<\/div>\n\t\t\t\t<\/div>\n\t\t\t\t<div class=\"elementor-element elementor-element-22064449 elementor-widget elementor-widget-text-editor\" data-id=\"22064449\" data-element_type=\"widget\" data-widget_type=\"text-editor.default\">\n\t\t\t\t<div class=\"elementor-widget-container\">\n\t\t\t\t\t\t\t\t\t<p>Este viernes 15 de septiembre el cine espa\u00f1ol estrena nuevo thriller de la mano de Mar Targarona, directora conocida por \u00abEl fot\u00f3grafo de Mauthausen\u00bb de 2018. Como suele ser habitual, en el grui\u00f3n de esta pel\u00edcula repiten Alfred P\u00e9rez Fargas y Roger Dan\u00e8s, quienes ya participaron en su anterior pel\u00edcula.<\/p><p>\u00a0<\/p><p><strong>Sinopsis:<\/strong> Este a\u00f1o, las vacaciones de Marc y Anna ser\u00e1ndistintas. Han decidido intercambiar su casa conHans y Olga, una pareja de ancianos alemanes quehan conocido a trav\u00e9s de una web. Pese a laaparente calma del principio, poco a poco, elintercambio de casas se convierte en una aut\u00e9nticapesadilla para Marc y Anna cuando descubren queHans y Olga tienen otros planes para ellos.<\/p><p>\u00a0<\/p>\t\t\t\t\t\t\t\t<\/div>\n\t\t\t\t<\/div>\n\t\t\t\t<div class=\"elementor-element elementor-element-082f7b0 elementor-widget elementor-widget-image\" data-id=\"082f7b0\" data-element_type=\"widget\" data-widget_type=\"image.default\">\n\t\t\t\t<div class=\"elementor-widget-container\">\n\t\t\t\t\t\t\t\t\t\t\t\t\t\t\t<img decoding=\"async\" width=\"1200\" height=\"630\" src=\"https:\/\/cineslys.com\/wp-content\/uploads\/2023\/09\/mar-taragona-el-cuco.jpg\" class=\"attachment-full size-full wp-image-1253\" alt=\"\" srcset=\"https:\/\/cineslys.com\/wp-content\/uploads\/2023\/09\/mar-taragona-el-cuco.jpg 1200w, https:\/\/cineslys.com\/wp-content\/uploads\/2023\/09\/mar-taragona-el-cuco-300x158.jpg 300w, https:\/\/cineslys.com\/wp-content\/uploads\/2023\/09\/mar-taragona-el-cuco-1024x538.jpg 1024w, https:\/\/cineslys.com\/wp-content\/uploads\/2023\/09\/mar-taragona-el-cuco-768x403.jpg 768w\" sizes=\"(max-width: 1200px) 100vw, 1200px\" style=\"width:100%;height:52.5%;max-width:1200px\" title=\"\">\t\t\t\t\t\t\t\t\t\t\t\t\t\t\t<\/div>\n\t\t\t\t<\/div>\n\t\t\t\t<div class=\"elementor-element elementor-element-b9807a2 elementor-widget elementor-widget-text-editor\" data-id=\"b9807a2\" data-element_type=\"widget\" data-widget_type=\"text-editor.default\">\n\t\t\t\t<div class=\"elementor-widget-container\">\n\t\t\t\t\t\t\t\t\t<h3><strong>Unas palabras de Mar Targarona\u00a0<\/strong><\/h3><p><br \/>El t\u00edtulo de la pel\u00edcula hace referencia al p\u00e1jaro del mismo nombre, que pone sus huevos en los nidos de otros p\u00e1jaros. A los guionistas y ami nos pareci\u00f3 una met\u00e1fora muy sugerente para un thriller de suspense sobrenatural acerca de un intercambio de cuerpos.<\/p><p>El Cuco es una historia de aspiraciones. Hay un momento en la vida donde el mundo est\u00e1 simult\u00e1neamente lleno de posibilidades y limitaciones. Ese es el caso de la pareja de j\u00f3venes protagonistas. Ambos aman su trabajo y est\u00e1n a punto de ser padres. Sin embargo, est\u00e1n insatisfechos y su mirada est\u00e1 constantemente en el futuro. En mejorar su carrera, mejorar su casa, mejorar su vida, mejorar su vida de pareja.<\/p><p>Viven en un pisito de Barcelona del que subconscientemente ambos tratan de huir. Tal vez incluso tratan de huir de su relaci\u00f3n. Ese beb\u00e9, que supone el c\u00e1liz de toda su esperanza en el futuro, tal vez sea un parche en una relaci\u00f3n abocada al fracaso. Anna es infiel a Marc consu vecino para huir de su inmadurez. \u00c9l, a su vez, se vuelca en el trabajo haciendo que Anna se sienta sola con la responsabilidad del ni\u00f1o.<\/p><p>El intercambio de casas les ofrece un vistazo hacia el futuro, cuando ambos hayan conseguido estabilidad y \u00e9xito profesional. La casa deHans y Olga representa todo eso a lo que aspiran; lujo, comodidad, espacio, libertad\u2026<\/p><p>Hay algo arquet\u00edpico en esta historia, un cierto sabor a los cuentos de los Hermanos Grimm en la profundidad de la Selva Negra, con sus brujas y su folclore. La historia recuerda a Hansel y Gretel caminando hacia esa casa hecha de caramelo que les atrapar\u00e1 en una trampa mortal. En este caso, el caramelo es una gran chimenea, espacios di\u00e1fanos y luminosos, muebles de dise\u00f1o, dom\u00f3tica avanzada, electrodom\u00e9sticos inteligentes&#8230; No obstante, la propuesta est\u00e9tica es huir del cuento g\u00f3tico, con sus casas oscuras, sus pasillos de paredes negras, sus noches llenas de criaturas nocturnas y ramas siniestras en forma de garras. Nuestra historia debe ocurrir en un espacio placentero, jugar con un terror diurno y di\u00e1fano que desaf\u00ede las convenciones del g\u00e9nero para reinterpretar la cotidianidad de la vida bajo una mirada siniestra.<\/p>\t\t\t\t\t\t\t\t<\/div>\n\t\t\t\t<\/div>\n\t\t\t\t<div class=\"elementor-element elementor-element-1c28790c elementor-widget elementor-widget-video\" data-id=\"1c28790c\" data-element_type=\"widget\" data-settings=\"{&quot;youtube_url&quot;:&quot;https:\\\/\\\/www.youtube.com\\\/watch?v=UgBWMRXDXFw&quot;,&quot;video_type&quot;:&quot;youtube&quot;,&quot;controls&quot;:&quot;yes&quot;}\" data-widget_type=\"video.default\">\n\t\t\t\t<div class=\"elementor-widget-container\">\n\t\t\t\t\t\t\t<div class=\"elementor-wrapper elementor-open-inline\">\n\t\t\t<div class=\"elementor-video\"><\/div>\t\t<\/div>\n\t\t\t\t\t\t<\/div>\n\t\t\t\t<\/div>\n\t\t\t\t\t<\/div>\n\t\t<\/div>\n\t\t\t\t\t<\/div>\n\t\t<\/section>\n\t\t\t\t<\/div>","protected":false},"excerpt":{"rendered":"<p>El nuevo thriller de Mar Targarona que se estrena este viernes.<\/p>","protected":false},"author":1,"featured_media":1252,"comment_status":"closed","ping_status":"closed","sticky":false,"template":"","format":"standard","meta":{"footnotes":""},"categories":[1],"tags":[],"class_list":["post-1250","post","type-post","status-publish","format-standard","has-post-thumbnail","hentry","category-estrenos","entry"],"_links":{"self":[{"href":"https:\/\/cineslys.com\/val\/wp-json\/wp\/v2\/posts\/1250","targetHints":{"allow":["GET"]}}],"collection":[{"href":"https:\/\/cineslys.com\/val\/wp-json\/wp\/v2\/posts"}],"about":[{"href":"https:\/\/cineslys.com\/val\/wp-json\/wp\/v2\/types\/post"}],"author":[{"embeddable":true,"href":"https:\/\/cineslys.com\/val\/wp-json\/wp\/v2\/users\/1"}],"replies":[{"embeddable":true,"href":"https:\/\/cineslys.com\/val\/wp-json\/wp\/v2\/comments?post=1250"}],"version-history":[{"count":0,"href":"https:\/\/cineslys.com\/val\/wp-json\/wp\/v2\/posts\/1250\/revisions"}],"wp:featuredmedia":[{"embeddable":true,"href":"https:\/\/cineslys.com\/val\/wp-json\/wp\/v2\/media\/1252"}],"wp:attachment":[{"href":"https:\/\/cineslys.com\/val\/wp-json\/wp\/v2\/media?parent=1250"}],"wp:term":[{"taxonomy":"category","embeddable":true,"href":"https:\/\/cineslys.com\/val\/wp-json\/wp\/v2\/categories?post=1250"},{"taxonomy":"post_tag","embeddable":true,"href":"https:\/\/cineslys.com\/val\/wp-json\/wp\/v2\/tags?post=1250"}],"curies":[{"name":"wp","href":"https:\/\/api.w.org\/{rel}","templated":true}]}}