									
{"id":1393,"date":"2023-09-22T15:38:22","date_gmt":"2023-09-22T15:38:22","guid":{"rendered":"https:\/\/cineslys.com\/?p=1393"},"modified":"2023-09-22T15:42:21","modified_gmt":"2023-09-22T15:42:21","slug":"proyecto-viridiana-chinas-28-septiembre","status":"publish","type":"post","link":"https:\/\/cineslys.com\/val\/estrenos\/proyecto-viridiana-chinas-28-septiembre\/","title":{"rendered":"Proyecto Viridiana: Chinas 28 septiembre"},"content":{"rendered":"<div data-elementor-type=\"wp-post\" data-elementor-id=\"1393\" class=\"elementor elementor-1393\" data-elementor-post-type=\"post\">\n\t\t\t\t\t\t<section class=\"elementor-section elementor-top-section elementor-element elementor-element-2cc6e6e3 elementor-section-boxed elementor-section-height-default elementor-section-height-default\" data-id=\"2cc6e6e3\" data-element_type=\"section\">\n\t\t\t\t\t\t<div class=\"elementor-container elementor-column-gap-default\">\n\t\t\t\t\t<div class=\"elementor-column elementor-col-100 elementor-top-column elementor-element elementor-element-59fd1848\" data-id=\"59fd1848\" data-element_type=\"column\">\n\t\t\t<div class=\"elementor-widget-wrap elementor-element-populated\">\n\t\t\t\t\t\t<div class=\"elementor-element elementor-element-16b9563 elementor-widget elementor-widget-image\" data-id=\"16b9563\" data-element_type=\"widget\" data-widget_type=\"image.default\">\n\t\t\t\t<div class=\"elementor-widget-container\">\n\t\t\t\t\t\t\t\t\t\t\t\t\t\t\t<img fetchpriority=\"high\" decoding=\"async\" width=\"1200\" height=\"630\" src=\"https:\/\/cineslys.com\/wp-content\/uploads\/2023\/09\/chinas-proyecto-viridiana.jpg\" class=\"attachment-full size-full wp-image-1394\" alt=\"\" srcset=\"https:\/\/cineslys.com\/wp-content\/uploads\/2023\/09\/chinas-proyecto-viridiana.jpg 1200w, https:\/\/cineslys.com\/wp-content\/uploads\/2023\/09\/chinas-proyecto-viridiana-300x158.jpg 300w, https:\/\/cineslys.com\/wp-content\/uploads\/2023\/09\/chinas-proyecto-viridiana-1024x538.jpg 1024w, https:\/\/cineslys.com\/wp-content\/uploads\/2023\/09\/chinas-proyecto-viridiana-768x403.jpg 768w\" sizes=\"(max-width: 1200px) 100vw, 1200px\" style=\"width:100%;height:52.5%;max-width:1200px\" title=\"\">\t\t\t\t\t\t\t\t\t\t\t\t\t\t\t<\/div>\n\t\t\t\t<\/div>\n\t\t\t\t<div class=\"elementor-element elementor-element-329e5289 elementor-widget elementor-widget-text-editor\" data-id=\"329e5289\" data-element_type=\"widget\" data-widget_type=\"text-editor.default\">\n\t\t\t\t<div class=\"elementor-widget-container\">\n\t\t\t\t\t\t\t\t\t<p>Proyecto Viridiana: Chinas con Arantxa Echevarr\u00eda<\/p>\t\t\t\t\t\t\t\t<\/div>\n\t\t\t\t<\/div>\n\t\t\t\t<div class=\"elementor-element elementor-element-758d2454 elementor-widget elementor-widget-text-editor\" data-id=\"758d2454\" data-element_type=\"widget\" data-widget_type=\"text-editor.default\">\n\t\t\t\t<div class=\"elementor-widget-container\">\n\t\t\t\t\t\t\t\t\t<p>Vuelve Proyecto Viridiana con la nueva pel\u00edcula de la estupenda Arantxa Echevarr\u00eda, directora de la conocid\u00edsima \u00abCarmen y Lola\u00bb \u00f3pera prima con la que gan\u00f3 el premio Goya a la Mejor Direcci\u00f3n Novel. Desde entonces ha participado en varios proyectos, entre los que destaca la pel\u00edcula \u00abLa familia perfecta\u00bb de 2021 donde dirigi\u00f3 a Bel\u00e9n Rueda, Jos\u00e9 Coronado, Gonzalo de Castro&#8230; entre otros.<\/p><p>Para esta ocasi\u00f3n, desde Proyecto Viridiana se organiza un preestreno el pr\u00f3ximo jueves 28 de septiembre con su nuevo t\u00edtulo: \u00abChinas\u00bb. Pel\u00edcula que se estrena el pr\u00f3ximo 6 de octubre pero que podr\u00e9is disfrutar antes que nadie a 6,50\u20ac la entrada.<\/p><p>\u00a0<\/p><p>Sinopsis:<\/p><div class=\"col-md-9 col-sm-8 col-xs-7 mobile-nomargin\"><div class=\"member-descriptionX\"><p id=\"sinopsis_info\" class=\"well scroll hidden-xs\">En un colegio coinciden al comienzo de curso dos ni\u00f1as chinas de 9 a\u00f1os. Todo el mundo da por hecho que se har\u00e1n amigas, pero absolutamente nada las une. Luc\u00eda, es segunda generaci\u00f3n de inmigrantes. Se siente absolutamente espa\u00f1ola y solo piensa en integrarse con el resto de sus amigas del colegio. Desear\u00eda tener unos padres normales como el resto de sus amigas, pero los suyos le avergu enzan constantemente porque no hablan espa\u00f1ol, trabajan m\u00e1s de 14 horas en el bazar y ni siquiera le permiten celebrar su cumplea\u00f1os en el Burger King. La otra ni\u00f1a es Xiang. Es adoptada y con su rostro delata all\u00e1 donde va que no es hija de sus padres. Xiang se pregunta por su familia biol\u00f3gica; ni se siente china ni se siente aceptada ante los dem\u00e1s ni\u00f1os en el colegio. Las dos ni\u00f1as se cruzar\u00e1n, separar\u00e1n y acabar\u00e1n siendo vitales la una para la otra en la b\u00fasqueda de su identidad.<\/p><p>\u00a0<\/p><\/div><\/div><p><strong>\u00bfQu\u00e9 tiene de especial Proyecto Viridiana?<\/strong> Cada pase organizamos en un cine diferente, desde ah\u00ed se emitir\u00e1 v\u00eda streaming al resto de salas. Tendremos un c\u00f3digo QR para poder mandar las preguntas al moderador que estar\u00e1 en Vitoria con la directora.<\/p>\t\t\t\t\t\t\t\t<\/div>\n\t\t\t\t<\/div>\n\t\t\t\t<div class=\"elementor-element elementor-element-2d80453 elementor-align-center elementor-widget elementor-widget-button\" data-id=\"2d80453\" data-element_type=\"widget\" data-widget_type=\"button.default\">\n\t\t\t\t<div class=\"elementor-widget-container\">\n\t\t\t\t\t\t\t\t\t<div class=\"elementor-button-wrapper\">\n\t\t\t\t\t<a class=\"elementor-button elementor-button-link elementor-size-sm\" href=\"https:\/\/www.reservaentradas.com\/sesiones\/valencia\/cineslys\/proyecto-viridiana-chinas\/5829\" rel=\"nofollow noopener\" target=\"_blank\">\n\t\t\t\t\t\t<span class=\"elementor-button-content-wrapper\">\n\t\t\t\t\t\t\t\t\t<span class=\"elementor-button-text\">Quiero reserva entrada<\/span>\n\t\t\t\t\t<\/span>\n\t\t\t\t\t<\/a>\n\t\t\t\t<\/div>\n\t\t\t\t\t\t\t\t<\/div>\n\t\t\t\t<\/div>\n\t\t\t\t<div class=\"elementor-element elementor-element-17a1384a elementor-widget elementor-widget-video\" data-id=\"17a1384a\" data-element_type=\"widget\" data-settings=\"{&quot;youtube_url&quot;:&quot;https:\\\/\\\/www.youtube.com\\\/watch?v=VhZBGuh7uu4&quot;,&quot;video_type&quot;:&quot;youtube&quot;,&quot;controls&quot;:&quot;yes&quot;}\" data-widget_type=\"video.default\">\n\t\t\t\t<div class=\"elementor-widget-container\">\n\t\t\t\t\t\t\t<div class=\"elementor-wrapper elementor-open-inline\">\n\t\t\t<div class=\"elementor-video\"><\/div>\t\t<\/div>\n\t\t\t\t\t\t<\/div>\n\t\t\t\t<\/div>\n\t\t\t\t\t<\/div>\n\t\t<\/div>\n\t\t\t\t\t<\/div>\n\t\t<\/section>\n\t\t\t\t<section class=\"elementor-section elementor-top-section elementor-element elementor-element-7bb686df elementor-section-boxed elementor-section-height-default elementor-section-height-default\" data-id=\"7bb686df\" data-element_type=\"section\">\n\t\t\t\t\t\t<div class=\"elementor-container elementor-column-gap-default\">\n\t\t\t\t\t<div class=\"elementor-column elementor-col-33 elementor-top-column elementor-element elementor-element-717c01c3\" data-id=\"717c01c3\" data-element_type=\"column\">\n\t\t\t<div class=\"elementor-widget-wrap\">\n\t\t\t\t\t\t\t<\/div>\n\t\t<\/div>\n\t\t\t\t<div class=\"elementor-column elementor-col-33 elementor-top-column elementor-element elementor-element-4ec26285\" data-id=\"4ec26285\" data-element_type=\"column\">\n\t\t\t<div class=\"elementor-widget-wrap elementor-element-populated\">\n\t\t\t\t\t\t<div class=\"elementor-element elementor-element-5f3e8498 elementor-widget elementor-widget-image\" data-id=\"5f3e8498\" data-element_type=\"widget\" data-widget_type=\"image.default\">\n\t\t\t\t<div class=\"elementor-widget-container\">\n\t\t\t\t\t\t\t\t\t\t\t\t\t\t\t<img decoding=\"async\" src=\"https:\/\/cineslys.com\/wp-content\/uploads\/elementor\/thumbs\/lys-logo-noname.d02d1035-q99669bt2jkuozy09n2t75npjdqd7vn5itus1o5ccw.png\" title=\"lys-logo-noname.d02d1035\" alt=\"lys-logo-noname.d02d1035\" loading=\"lazy\" \/>\t\t\t\t\t\t\t\t\t\t\t\t\t\t\t<\/div>\n\t\t\t\t<\/div>\n\t\t\t\t\t<\/div>\n\t\t<\/div>\n\t\t\t\t<div class=\"elementor-column elementor-col-33 elementor-top-column elementor-element elementor-element-2d39b728\" data-id=\"2d39b728\" data-element_type=\"column\">\n\t\t\t<div class=\"elementor-widget-wrap\">\n\t\t\t\t\t\t\t<\/div>\n\t\t<\/div>\n\t\t\t\t\t<\/div>\n\t\t<\/section>\n\t\t\t\t<\/div>","protected":false},"excerpt":{"rendered":"<p>Arantxa Echevarr\u00eda har\u00e1 un coloquio online desde los Cines Florida (Vitoria)<\/p>","protected":false},"author":1,"featured_media":1394,"comment_status":"closed","ping_status":"closed","sticky":false,"template":"","format":"standard","meta":{"footnotes":""},"categories":[1],"tags":[],"class_list":["post-1393","post","type-post","status-publish","format-standard","has-post-thumbnail","hentry","category-estrenos","entry"],"_links":{"self":[{"href":"https:\/\/cineslys.com\/val\/wp-json\/wp\/v2\/posts\/1393","targetHints":{"allow":["GET"]}}],"collection":[{"href":"https:\/\/cineslys.com\/val\/wp-json\/wp\/v2\/posts"}],"about":[{"href":"https:\/\/cineslys.com\/val\/wp-json\/wp\/v2\/types\/post"}],"author":[{"embeddable":true,"href":"https:\/\/cineslys.com\/val\/wp-json\/wp\/v2\/users\/1"}],"replies":[{"embeddable":true,"href":"https:\/\/cineslys.com\/val\/wp-json\/wp\/v2\/comments?post=1393"}],"version-history":[{"count":0,"href":"https:\/\/cineslys.com\/val\/wp-json\/wp\/v2\/posts\/1393\/revisions"}],"wp:featuredmedia":[{"embeddable":true,"href":"https:\/\/cineslys.com\/val\/wp-json\/wp\/v2\/media\/1394"}],"wp:attachment":[{"href":"https:\/\/cineslys.com\/val\/wp-json\/wp\/v2\/media?parent=1393"}],"wp:term":[{"taxonomy":"category","embeddable":true,"href":"https:\/\/cineslys.com\/val\/wp-json\/wp\/v2\/categories?post=1393"},{"taxonomy":"post_tag","embeddable":true,"href":"https:\/\/cineslys.com\/val\/wp-json\/wp\/v2\/tags?post=1393"}],"curies":[{"name":"wp","href":"https:\/\/api.w.org\/{rel}","templated":true}]}}