									
{"id":2186,"date":"2023-12-14T17:26:39","date_gmt":"2023-12-14T17:26:39","guid":{"rendered":"https:\/\/cineslys.com\/?p=2186"},"modified":"2023-12-14T17:38:47","modified_gmt":"2023-12-14T17:38:47","slug":"el-maestro-que-prometio-el-mar-con-patricia-font-en-cita-a-ciegas","status":"publish","type":"post","link":"https:\/\/cineslys.com\/val\/cita-a-ciegas\/el-maestro-que-prometio-el-mar-con-patricia-font-en-cita-a-ciegas\/","title":{"rendered":"El maestro que prometi\u00f3 el mar con Patricia Font en Cita a ciegas"},"content":{"rendered":"<div data-elementor-type=\"wp-post\" data-elementor-id=\"2186\" class=\"elementor elementor-2186\" data-elementor-post-type=\"post\">\n\t\t\t\t\t\t<section class=\"elementor-section elementor-top-section elementor-element elementor-element-eca188d elementor-section-boxed elementor-section-height-default elementor-section-height-default\" data-id=\"eca188d\" data-element_type=\"section\">\n\t\t\t\t\t\t<div class=\"elementor-container elementor-column-gap-default\">\n\t\t\t\t\t<div class=\"elementor-column elementor-col-100 elementor-top-column elementor-element elementor-element-d6f4043\" data-id=\"d6f4043\" data-element_type=\"column\">\n\t\t\t<div class=\"elementor-widget-wrap elementor-element-populated\">\n\t\t\t\t\t\t<div class=\"elementor-element elementor-element-cbf2f87 elementor-widget elementor-widget-video\" data-id=\"cbf2f87\" data-element_type=\"widget\" data-settings=\"{&quot;youtube_url&quot;:&quot;https:\\\/\\\/www.youtube.com\\\/watch?v=kyCvFE3gEag&quot;,&quot;video_type&quot;:&quot;youtube&quot;,&quot;controls&quot;:&quot;yes&quot;}\" data-widget_type=\"video.default\">\n\t\t\t\t<div class=\"elementor-widget-container\">\n\t\t\t\t\t\t\t<div class=\"elementor-wrapper elementor-open-inline\">\n\t\t\t<div class=\"elementor-video\"><\/div>\t\t<\/div>\n\t\t\t\t\t\t<\/div>\n\t\t\t\t<\/div>\n\t\t\t\t\t<\/div>\n\t\t<\/div>\n\t\t\t\t\t<\/div>\n\t\t<\/section>\n\t\t\t\t<section class=\"elementor-section elementor-top-section elementor-element elementor-element-c526c34 elementor-section-boxed elementor-section-height-default elementor-section-height-default\" data-id=\"c526c34\" data-element_type=\"section\">\n\t\t\t\t\t\t<div class=\"elementor-container elementor-column-gap-default\">\n\t\t\t\t\t<div class=\"elementor-column elementor-col-100 elementor-top-column elementor-element elementor-element-f73a448\" data-id=\"f73a448\" data-element_type=\"column\">\n\t\t\t<div class=\"elementor-widget-wrap elementor-element-populated\">\n\t\t\t\t\t\t<div class=\"elementor-element elementor-element-36a8153 elementor-widget elementor-widget-text-editor\" data-id=\"36a8153\" data-element_type=\"widget\" data-widget_type=\"text-editor.default\">\n\t\t\t\t<div class=\"elementor-widget-container\">\n\t\t\t\t\t\t\t\t\t<p>Menudo \u00e9xito el pasado martes 31 de octubre con el pase de #CitaACiegasConElCine donde los espectadores tuvieron el placer de conocer antes que nadie, a la ganadora del Goya, Patricia Font, quien present\u00f3 su pel\u00edcula #ElMaestroQuePrometi\u00f3ElMar.<\/p>\n<p><br><\/p>\n<p>En Cines:https:\/\/www.reservaentradas.com\/sesiones\/valencia\/cineslys\/el-maestro-que-prometio-el-mar\/5917\/<\/p>\n<p><br><\/p>\n<p>Sinopsis: Ariadna (Laia Costa) descubre que su abuelo busca desde hace tiempo los restos de su padre, desaparecido en la Guerra Civil. Decidida a ayudarlo, viaja a Burgos, donde est\u00e1n exhumando una fosa com\u00fan en la que podr\u00eda estar enterrado. Durante su estancia all\u00ed, conocer\u00e1 la historia de Antoni Benaiges (Enric Auquer), un joven maestro de Tarragona que antes de la guerra fue profesor de su abuelo. Mediante un innovador m\u00e9todo pedag\u00f3gico Antoni inspir\u00f3 a sus alumnos y les hizo una promesa: llevarlos a ver el mar.<br><br><\/p>\t\t\t\t\t\t\t\t<\/div>\n\t\t\t\t<\/div>\n\t\t\t\t\t<\/div>\n\t\t<\/div>\n\t\t\t\t\t<\/div>\n\t\t<\/section>\n\t\t\t\t<\/div>","protected":false},"excerpt":{"rendered":"<p>Menudo \u00e9xito el pasado martes 31 de octubre con el pase de #CitaACiegasConElCine donde los espectadores tuvieron el placer de conocer antes que nadie, a la ganadora del Goya, Patricia&hellip; <a class=\"more-link\" href=\"https:\/\/cineslys.com\/val\/cita-a-ciegas\/el-maestro-que-prometio-el-mar-con-patricia-font-en-cita-a-ciegas\/\">Continue reading <span class=\"screen-reader-text\">El maestro que prometi\u00f3 el mar con Patricia Font en Cita a ciegas<\/span><\/a><\/p>","protected":false},"author":1,"featured_media":2192,"comment_status":"closed","ping_status":"closed","sticky":false,"template":"","format":"standard","meta":{"footnotes":""},"categories":[14],"tags":[],"class_list":["post-2186","post","type-post","status-publish","format-standard","has-post-thumbnail","hentry","category-cita-a-ciegas","entry"],"_links":{"self":[{"href":"https:\/\/cineslys.com\/val\/wp-json\/wp\/v2\/posts\/2186","targetHints":{"allow":["GET"]}}],"collection":[{"href":"https:\/\/cineslys.com\/val\/wp-json\/wp\/v2\/posts"}],"about":[{"href":"https:\/\/cineslys.com\/val\/wp-json\/wp\/v2\/types\/post"}],"author":[{"embeddable":true,"href":"https:\/\/cineslys.com\/val\/wp-json\/wp\/v2\/users\/1"}],"replies":[{"embeddable":true,"href":"https:\/\/cineslys.com\/val\/wp-json\/wp\/v2\/comments?post=2186"}],"version-history":[{"count":0,"href":"https:\/\/cineslys.com\/val\/wp-json\/wp\/v2\/posts\/2186\/revisions"}],"wp:featuredmedia":[{"embeddable":true,"href":"https:\/\/cineslys.com\/val\/wp-json\/wp\/v2\/media\/2192"}],"wp:attachment":[{"href":"https:\/\/cineslys.com\/val\/wp-json\/wp\/v2\/media?parent=2186"}],"wp:term":[{"taxonomy":"category","embeddable":true,"href":"https:\/\/cineslys.com\/val\/wp-json\/wp\/v2\/categories?post=2186"},{"taxonomy":"post_tag","embeddable":true,"href":"https:\/\/cineslys.com\/val\/wp-json\/wp\/v2\/tags?post=2186"}],"curies":[{"name":"wp","href":"https:\/\/api.w.org\/{rel}","templated":true}]}}