									
{"id":2213,"date":"2023-12-14T17:54:13","date_gmt":"2023-12-14T17:54:13","guid":{"rendered":"https:\/\/cineslys.com\/?p=2213"},"modified":"2023-12-14T17:56:40","modified_gmt":"2023-12-14T17:56:40","slug":"saben-aquell-con-david-trueba-en-cine-club-lys","status":"publish","type":"post","link":"https:\/\/cineslys.com\/val\/cine-club-lys\/saben-aquell-con-david-trueba-en-cine-club-lys\/","title":{"rendered":"Saben aquell con David Trueba en Cine Club Lys"},"content":{"rendered":"<div data-elementor-type=\"wp-post\" data-elementor-id=\"2213\" class=\"elementor elementor-2213\" data-elementor-post-type=\"post\">\n\t\t\t\t\t\t<section class=\"elementor-section elementor-top-section elementor-element elementor-element-7a220837 elementor-section-boxed elementor-section-height-default elementor-section-height-default\" data-id=\"7a220837\" data-element_type=\"section\">\n\t\t\t\t\t\t<div class=\"elementor-container elementor-column-gap-default\">\n\t\t\t\t\t<div class=\"elementor-column elementor-col-100 elementor-top-column elementor-element elementor-element-6583868c\" data-id=\"6583868c\" data-element_type=\"column\">\n\t\t\t<div class=\"elementor-widget-wrap elementor-element-populated\">\n\t\t\t\t\t\t<div class=\"elementor-element elementor-element-1dccb50f elementor-widget elementor-widget-text-editor\" data-id=\"1dccb50f\" data-element_type=\"widget\" data-widget_type=\"text-editor.default\">\n\t\t\t\t<div class=\"elementor-widget-container\">\n\t\t\t\t\t\t\t\t\t\n<p><a href=\"https:\/\/www.youtube.com\/@cineslysvalencia\" rel=\"nofollow noopener\" target=\"_blank\"><\/a><\/p>\n\t\t\t\t\t\t\t\t<\/div>\n\t\t\t\t<\/div>\n\t\t\t\t\t<\/div>\n\t\t<\/div>\n\t\t\t\t\t<\/div>\n\t\t<\/section>\n\t\t\t\t<section class=\"elementor-section elementor-top-section elementor-element elementor-element-c41fe94 elementor-section-boxed elementor-section-height-default elementor-section-height-default\" data-id=\"c41fe94\" data-element_type=\"section\">\n\t\t\t\t\t\t<div class=\"elementor-container elementor-column-gap-default\">\n\t\t\t\t\t<div class=\"elementor-column elementor-col-100 elementor-top-column elementor-element elementor-element-2f1b65e\" data-id=\"2f1b65e\" data-element_type=\"column\">\n\t\t\t<div class=\"elementor-widget-wrap elementor-element-populated\">\n\t\t\t\t\t\t<div class=\"elementor-element elementor-element-f66ccf6 elementor-widget elementor-widget-image\" data-id=\"f66ccf6\" data-element_type=\"widget\" data-widget_type=\"image.default\">\n\t\t\t\t<div class=\"elementor-widget-container\">\n\t\t\t\t\t\t\t\t\t\t\t\t\t\t\t<img fetchpriority=\"high\" decoding=\"async\" width=\"750\" height=\"500\" src=\"https:\/\/cineslys.com\/wp-content\/uploads\/2023\/12\/Trueba-baja_10-1024x683.jpg\" class=\"attachment-large size-large wp-image-2214\" alt=\"\" srcset=\"https:\/\/cineslys.com\/wp-content\/uploads\/2023\/12\/Trueba-baja_10-1024x683.jpg 1024w, https:\/\/cineslys.com\/wp-content\/uploads\/2023\/12\/Trueba-baja_10-300x200.jpg 300w, https:\/\/cineslys.com\/wp-content\/uploads\/2023\/12\/Trueba-baja_10-768x512.jpg 768w, https:\/\/cineslys.com\/wp-content\/uploads\/2023\/12\/Trueba-baja_10-1536x1024.jpg 1536w, https:\/\/cineslys.com\/wp-content\/uploads\/2023\/12\/Trueba-baja_10-2048x1365.jpg 2048w, https:\/\/cineslys.com\/wp-content\/uploads\/2023\/12\/Trueba-baja_10-1568x1045.jpg 1568w\" sizes=\"(max-width: 750px) 100vw, 750px\" style=\"width:100%;height:66.68%;max-width:2560px\" title=\"\">\t\t\t\t\t\t\t\t\t\t\t\t\t\t\t<\/div>\n\t\t\t\t<\/div>\n\t\t\t\t<div class=\"elementor-element elementor-element-e6da7bb elementor-widget elementor-widget-text-editor\" data-id=\"e6da7bb\" data-element_type=\"widget\" data-widget_type=\"text-editor.default\">\n\t\t\t\t<div class=\"elementor-widget-container\">\n\t\t\t\t\t\t\t\t\t<p>El pasado mi\u00e9rcoles 22 de noviembre llenamos dos salas para el coloquio del gran director #DavidTrueba presentando su pel\u00edcula Saben aquell y disfrutando del coloquio con el p\u00fablico <img decoding=\"async\" class=\"emoji\" role=\"img\" draggable=\"false\" src=\"https:\/\/s.w.org\/images\/core\/emoji\/14.0.0\/svg\/2764.svg\" alt=\"\u2764\" title=\"\"><\/p>\n<p>\u00a0<\/p>\n<p>Sinopsis: Pel\u00edcula sobre los primeros a\u00f1os de carrera del humorista Eugenio. Barcelona, finales de los 60. Eugenio Jofra, un joven joyero, conoce a Conchita y el flechazo es instant\u00e1neo. Eugenio aprende a tocar la guitarra para acompa\u00f1ar a Conchita, para lo que tendr\u00e1 que luchar contra el miedo esc\u00e9nico. Empieza as\u00ed la carrera musical de \u2018Els dos\u2019. Cuando Conchita se tiene que ausentar durante dos semanas de Barcelona, convence a Eugenio de que lleve las actuaciones a cabo \u00e9l solo. Cuando regresa, Eugenio se ha convertido en un fen\u00f3meno del humor underground de la ciudad. Poco a poco, entre los dos ir\u00e1n construyendo al personaje: las gafas, la camisa negra, el taburete, los cigarrillos y el vaso de tubo, que se convertir\u00e1 en un \u00e9xito inesperado en una Espa\u00f1a deprimida que busca desesperadamente re\u00edrse con ese singular c\u00f3mico que empieza todos sus chistes con \u2018Saben aquell que diu\u2026\u00bb.<\/p>\t\t\t\t\t\t\t\t<\/div>\n\t\t\t\t<\/div>\n\t\t\t\t<div class=\"elementor-element elementor-element-a28e732 elementor-widget elementor-widget-video\" data-id=\"a28e732\" data-element_type=\"widget\" data-settings=\"{&quot;youtube_url&quot;:&quot;https:\\\/\\\/www.youtube.com\\\/watch?v=Je2lpAb9fAk&quot;,&quot;video_type&quot;:&quot;youtube&quot;,&quot;controls&quot;:&quot;yes&quot;}\" data-widget_type=\"video.default\">\n\t\t\t\t<div class=\"elementor-widget-container\">\n\t\t\t\t\t\t\t<div class=\"elementor-wrapper elementor-open-inline\">\n\t\t\t<div class=\"elementor-video\"><\/div>\t\t<\/div>\n\t\t\t\t\t\t<\/div>\n\t\t\t\t<\/div>\n\t\t\t\t\t<\/div>\n\t\t<\/div>\n\t\t\t\t\t<\/div>\n\t\t<\/section>\n\t\t\t\t<\/div>","protected":false},"excerpt":{"rendered":"<p>El pasado mi\u00e9rcoles 22 de noviembre llenamos dos salas para el coloquio del gran director #DavidTrueba presentando su pel\u00edcula Saben aquell y disfrutando del coloquio con el p\u00fablico Sinopsis: Pel\u00edcula&hellip; <a class=\"more-link\" href=\"https:\/\/cineslys.com\/val\/cine-club-lys\/saben-aquell-con-david-trueba-en-cine-club-lys\/\">Continue reading <span class=\"screen-reader-text\">Saben aquell con David Trueba en Cine Club Lys<\/span><\/a><\/p>","protected":false},"author":1,"featured_media":2214,"comment_status":"closed","ping_status":"closed","sticky":false,"template":"","format":"standard","meta":{"footnotes":""},"categories":[15],"tags":[],"class_list":["post-2213","post","type-post","status-publish","format-standard","has-post-thumbnail","hentry","category-cine-club-lys","entry"],"_links":{"self":[{"href":"https:\/\/cineslys.com\/val\/wp-json\/wp\/v2\/posts\/2213","targetHints":{"allow":["GET"]}}],"collection":[{"href":"https:\/\/cineslys.com\/val\/wp-json\/wp\/v2\/posts"}],"about":[{"href":"https:\/\/cineslys.com\/val\/wp-json\/wp\/v2\/types\/post"}],"author":[{"embeddable":true,"href":"https:\/\/cineslys.com\/val\/wp-json\/wp\/v2\/users\/1"}],"replies":[{"embeddable":true,"href":"https:\/\/cineslys.com\/val\/wp-json\/wp\/v2\/comments?post=2213"}],"version-history":[{"count":0,"href":"https:\/\/cineslys.com\/val\/wp-json\/wp\/v2\/posts\/2213\/revisions"}],"wp:featuredmedia":[{"embeddable":true,"href":"https:\/\/cineslys.com\/val\/wp-json\/wp\/v2\/media\/2214"}],"wp:attachment":[{"href":"https:\/\/cineslys.com\/val\/wp-json\/wp\/v2\/media?parent=2213"}],"wp:term":[{"taxonomy":"category","embeddable":true,"href":"https:\/\/cineslys.com\/val\/wp-json\/wp\/v2\/categories?post=2213"},{"taxonomy":"post_tag","embeddable":true,"href":"https:\/\/cineslys.com\/val\/wp-json\/wp\/v2\/tags?post=2213"}],"curies":[{"name":"wp","href":"https:\/\/api.w.org\/{rel}","templated":true}]}}