									
{"id":2225,"date":"2023-12-14T18:01:04","date_gmt":"2023-12-14T18:01:04","guid":{"rendered":"https:\/\/cineslys.com\/?p=2225"},"modified":"2023-12-14T18:02:41","modified_gmt":"2023-12-14T18:02:41","slug":"cita-a-ciegas-fallen-leaves-en-cines-lys-estreno-27-de-diciembre","status":"publish","type":"post","link":"https:\/\/cineslys.com\/val\/cita-a-ciegas\/cita-a-ciegas-fallen-leaves-en-cines-lys-estreno-27-de-diciembre\/","title":{"rendered":"Cita a ciegas: Fallen Leaves en Cines Lys Estreno 27 de diciembre"},"content":{"rendered":"<div data-elementor-type=\"wp-post\" data-elementor-id=\"2225\" class=\"elementor elementor-2225\" data-elementor-post-type=\"post\">\n\t\t\t\t\t\t<section class=\"elementor-section elementor-top-section elementor-element elementor-element-5293e835 elementor-section-boxed elementor-section-height-default elementor-section-height-default\" data-id=\"5293e835\" data-element_type=\"section\">\n\t\t\t\t\t\t<div class=\"elementor-container elementor-column-gap-default\">\n\t\t\t\t\t<div class=\"elementor-column elementor-col-100 elementor-top-column elementor-element elementor-element-6bdbfff4\" data-id=\"6bdbfff4\" data-element_type=\"column\">\n\t\t\t<div class=\"elementor-widget-wrap elementor-element-populated\">\n\t\t\t\t\t\t<div class=\"elementor-element elementor-element-79580608 elementor-widget elementor-widget-text-editor\" data-id=\"79580608\" data-element_type=\"widget\" data-widget_type=\"text-editor.default\">\n\t\t\t\t<div class=\"elementor-widget-container\">\n\t\t\t\t\t\t\t\t\t\n<p><a href=\"https:\/\/www.youtube.com\/@cineslysvalencia\" rel=\"nofollow noopener\" target=\"_blank\"><\/a><\/p>\n\t\t\t\t\t\t\t\t<\/div>\n\t\t\t\t<\/div>\n\t\t\t\t\t<\/div>\n\t\t<\/div>\n\t\t\t\t\t<\/div>\n\t\t<\/section>\n\t\t\t\t<section class=\"elementor-section elementor-top-section elementor-element elementor-element-4e0bdac elementor-section-boxed elementor-section-height-default elementor-section-height-default\" data-id=\"4e0bdac\" data-element_type=\"section\">\n\t\t\t\t\t\t<div class=\"elementor-container elementor-column-gap-default\">\n\t\t\t\t\t<div class=\"elementor-column elementor-col-100 elementor-top-column elementor-element elementor-element-9a01436\" data-id=\"9a01436\" data-element_type=\"column\">\n\t\t\t<div class=\"elementor-widget-wrap elementor-element-populated\">\n\t\t\t\t\t\t<div class=\"elementor-element elementor-element-eaf0657 elementor-widget elementor-widget-text-editor\" data-id=\"eaf0657\" data-element_type=\"widget\" data-widget_type=\"text-editor.default\">\n\t\t\t\t<div class=\"elementor-widget-container\">\n\t\t\t\t\t\t\t\t\t<p>Con un mes de antelaci\u00f3n, los espectadores del #Citaaciegasconelcine pudieron disfrutar de #FallenLeaves ganadora del premio del Jurado en el Festival de Cannes. Os dejamos con sus reacciones a lo \u00faltimo de Aki Kaurism\u00e4ki,<\/p>\n<p>\u00a0<\/p>\n<p>\u00a1Estreno 27 de diciembre!<\/p>\n<p>\u00a0<\/p>\n<p>Sinopsis: Ansa es soltera y vive en Helsinki. Trabaja con un contrato de cero horas en un supermercado, abasteciendo los estantes; luego clasifica el pl\u00e1stico reciclable. Una noche se encuentra accidentalmente con el igualmente solitario trabajador Holappa, un alcoh\u00f3lico. Contra todo pron\u00f3stico y malentendidos, intentan construir una relaci\u00f3n. Como resultado, Holappa logra controlar su adicci\u00f3n al alcohol.<\/p>\t\t\t\t\t\t\t\t<\/div>\n\t\t\t\t<\/div>\n\t\t\t\t<div class=\"elementor-element elementor-element-0366cc0 elementor-widget elementor-widget-video\" data-id=\"0366cc0\" data-element_type=\"widget\" data-settings=\"{&quot;youtube_url&quot;:&quot;https:\\\/\\\/www.youtube.com\\\/watch?v=giqrcb7JB3k&quot;,&quot;video_type&quot;:&quot;youtube&quot;,&quot;controls&quot;:&quot;yes&quot;}\" data-widget_type=\"video.default\">\n\t\t\t\t<div class=\"elementor-widget-container\">\n\t\t\t\t\t\t\t<div class=\"elementor-wrapper elementor-open-inline\">\n\t\t\t<div class=\"elementor-video\"><\/div>\t\t<\/div>\n\t\t\t\t\t\t<\/div>\n\t\t\t\t<\/div>\n\t\t\t\t\t<\/div>\n\t\t<\/div>\n\t\t\t\t\t<\/div>\n\t\t<\/section>\n\t\t\t\t<\/div>","protected":false},"excerpt":{"rendered":"<p>Con un mes de antelaci\u00f3n, los espectadores del #Citaaciegasconelcine pudieron disfrutar de #FallenLeaves ganadora del premio del Jurado en el Festival de Cannes. Os dejamos con sus reacciones a lo&hellip; <a class=\"more-link\" href=\"https:\/\/cineslys.com\/val\/cita-a-ciegas\/cita-a-ciegas-fallen-leaves-en-cines-lys-estreno-27-de-diciembre\/\">Continue reading <span class=\"screen-reader-text\">Cita a ciegas: Fallen Leaves en Cines Lys Estreno 27 de diciembre<\/span><\/a><\/p>","protected":false},"author":1,"featured_media":2182,"comment_status":"closed","ping_status":"closed","sticky":false,"template":"","format":"standard","meta":{"footnotes":""},"categories":[14],"tags":[],"class_list":["post-2225","post","type-post","status-publish","format-standard","has-post-thumbnail","hentry","category-cita-a-ciegas","entry"],"_links":{"self":[{"href":"https:\/\/cineslys.com\/val\/wp-json\/wp\/v2\/posts\/2225","targetHints":{"allow":["GET"]}}],"collection":[{"href":"https:\/\/cineslys.com\/val\/wp-json\/wp\/v2\/posts"}],"about":[{"href":"https:\/\/cineslys.com\/val\/wp-json\/wp\/v2\/types\/post"}],"author":[{"embeddable":true,"href":"https:\/\/cineslys.com\/val\/wp-json\/wp\/v2\/users\/1"}],"replies":[{"embeddable":true,"href":"https:\/\/cineslys.com\/val\/wp-json\/wp\/v2\/comments?post=2225"}],"version-history":[{"count":0,"href":"https:\/\/cineslys.com\/val\/wp-json\/wp\/v2\/posts\/2225\/revisions"}],"wp:featuredmedia":[{"embeddable":true,"href":"https:\/\/cineslys.com\/val\/wp-json\/wp\/v2\/media\/2182"}],"wp:attachment":[{"href":"https:\/\/cineslys.com\/val\/wp-json\/wp\/v2\/media?parent=2225"}],"wp:term":[{"taxonomy":"category","embeddable":true,"href":"https:\/\/cineslys.com\/val\/wp-json\/wp\/v2\/categories?post=2225"},{"taxonomy":"post_tag","embeddable":true,"href":"https:\/\/cineslys.com\/val\/wp-json\/wp\/v2\/tags?post=2225"}],"curies":[{"name":"wp","href":"https:\/\/api.w.org\/{rel}","templated":true}]}}