									
{"id":2267,"date":"2023-12-15T11:57:53","date_gmt":"2023-12-15T11:57:53","guid":{"rendered":"https:\/\/cineslys.com\/?p=2267"},"modified":"2023-12-15T11:59:48","modified_gmt":"2023-12-15T11:59:48","slug":"cita-a-ciegas-la-trenza-estreno-15-de-diciembre","status":"publish","type":"post","link":"https:\/\/cineslys.com\/val\/cita-a-ciegas\/cita-a-ciegas-la-trenza-estreno-15-de-diciembre\/","title":{"rendered":"Cita a ciegas: La trenza Estreno 15 de diciembre"},"content":{"rendered":"<div data-elementor-type=\"wp-post\" data-elementor-id=\"2267\" class=\"elementor elementor-2267\" data-elementor-post-type=\"post\">\n\t\t\t\t\t\t<section class=\"elementor-section elementor-top-section elementor-element elementor-element-207d82be elementor-section-boxed elementor-section-height-default elementor-section-height-default\" data-id=\"207d82be\" data-element_type=\"section\">\n\t\t\t\t\t\t<div class=\"elementor-container elementor-column-gap-default\">\n\t\t\t\t\t<div class=\"elementor-column elementor-col-100 elementor-top-column elementor-element elementor-element-498d7ac8\" data-id=\"498d7ac8\" data-element_type=\"column\">\n\t\t\t<div class=\"elementor-widget-wrap elementor-element-populated\">\n\t\t\t\t\t\t<div class=\"elementor-element elementor-element-23c2049f elementor-widget elementor-widget-text-editor\" data-id=\"23c2049f\" data-element_type=\"widget\" data-widget_type=\"text-editor.default\">\n\t\t\t\t<div class=\"elementor-widget-container\">\n\t\t\t\t\t\t\t\t\t\n<p><a href=\"https:\/\/www.youtube.com\/@cineslysvalencia\" rel=\"nofollow noopener\" target=\"_blank\"><\/a><\/p>\n\t\t\t\t\t\t\t\t<\/div>\n\t\t\t\t<\/div>\n\t\t\t\t\t<\/div>\n\t\t<\/div>\n\t\t\t\t\t<\/div>\n\t\t<\/section>\n\t\t\t\t<section class=\"elementor-section elementor-top-section elementor-element elementor-element-ea2d697 elementor-section-boxed elementor-section-height-default elementor-section-height-default\" data-id=\"ea2d697\" data-element_type=\"section\">\n\t\t\t\t\t\t<div class=\"elementor-container elementor-column-gap-default\">\n\t\t\t\t\t<div class=\"elementor-column elementor-col-100 elementor-top-column elementor-element elementor-element-0d6cdb8\" data-id=\"0d6cdb8\" data-element_type=\"column\">\n\t\t\t<div class=\"elementor-widget-wrap elementor-element-populated\">\n\t\t\t\t\t\t<div class=\"elementor-element elementor-element-1120a02 elementor-widget elementor-widget-video\" data-id=\"1120a02\" data-element_type=\"widget\" data-settings=\"{&quot;youtube_url&quot;:&quot;https:\\\/\\\/www.youtube.com\\\/watch?v=7LFeaDYedZA&quot;,&quot;video_type&quot;:&quot;youtube&quot;,&quot;controls&quot;:&quot;yes&quot;}\" data-widget_type=\"video.default\">\n\t\t\t\t<div class=\"elementor-widget-container\">\n\t\t\t\t\t\t\t<div class=\"elementor-wrapper elementor-open-inline\">\n\t\t\t<div class=\"elementor-video\"><\/div>\t\t<\/div>\n\t\t\t\t\t\t<\/div>\n\t\t\t\t<\/div>\n\t\t\t\t<div class=\"elementor-element elementor-element-0d88cf6 elementor-widget elementor-widget-text-editor\" data-id=\"0d88cf6\" data-element_type=\"widget\" data-widget_type=\"text-editor.default\">\n\t\t\t\t<div class=\"elementor-widget-container\">\n\t\t\t\t\t\t\t\t\t<p>Aqu\u00ed os dejamos con el v\u00eddeo del \u00faltimo pase #deCitaACiegasConElCine con #LaTrenza de @selectavision que se estrena este viernes 15 de diciembre \u00a1No os la perd\u00e1is!&nbsp;<\/p>\n<p><span style=\"color: var( --e-global-color-text ); font-family: var( --e-global-typography-text-font-family ), Sans-serif; font-weight: var( --e-global-typography-text-font-weight ); font-size: var(--global--font-size-base);\">Os dejamos con los comentarios del p\u00fablico que salieron emocionados tras el pase<\/span><br><\/p>\n<p><br><\/p>\n<p>Sinopsis: En India, Smita es una intocable. Sue\u00f1a con darle una educaci\u00f3n a su hija peque\u00f1a y har\u00e1 todo lo que est\u00e9 en su mano para que eso suceda, incluso dejar atr\u00e1s todo lo que conoce en busca de un futuro mejor. En Sicilia, Giulia trabaja en el taller de pelucas de su padre, el \u00faltimo de ese tipo en Palermo. Cuando su padre sufre un grave accidente, descubre que el sustento de su familia est\u00e1 en juego. En Canad\u00e1, Sarah es una madre de tres hijos divorciada dos veces y una exitosa abogada cuya identidad se basa completamente en su trabajo. Justo cuando espera el ascenso por el que ha estado trabajando toda su carrera, se entera de que tiene c\u00e1ncer de mama.<\/p>\t\t\t\t\t\t\t\t<\/div>\n\t\t\t\t<\/div>\n\t\t\t\t\t<\/div>\n\t\t<\/div>\n\t\t\t\t\t<\/div>\n\t\t<\/section>\n\t\t\t\t<\/div>","protected":false},"excerpt":{"rendered":"<p>Aqu\u00ed os dejamos con el v\u00eddeo del \u00faltimo pase #deCitaACiegasConElCine con #LaTrenza de @selectavision que se estrena este viernes 15 de diciembre \u00a1No os la perd\u00e1is!&nbsp; Os dejamos con los&hellip; <a class=\"more-link\" href=\"https:\/\/cineslys.com\/val\/cita-a-ciegas\/cita-a-ciegas-la-trenza-estreno-15-de-diciembre\/\">Continue reading <span class=\"screen-reader-text\">Cita a ciegas: La trenza Estreno 15 de diciembre<\/span><\/a><\/p>","protected":false},"author":1,"featured_media":2180,"comment_status":"closed","ping_status":"closed","sticky":false,"template":"","format":"standard","meta":{"footnotes":""},"categories":[14],"tags":[],"class_list":["post-2267","post","type-post","status-publish","format-standard","has-post-thumbnail","hentry","category-cita-a-ciegas","entry"],"_links":{"self":[{"href":"https:\/\/cineslys.com\/val\/wp-json\/wp\/v2\/posts\/2267","targetHints":{"allow":["GET"]}}],"collection":[{"href":"https:\/\/cineslys.com\/val\/wp-json\/wp\/v2\/posts"}],"about":[{"href":"https:\/\/cineslys.com\/val\/wp-json\/wp\/v2\/types\/post"}],"author":[{"embeddable":true,"href":"https:\/\/cineslys.com\/val\/wp-json\/wp\/v2\/users\/1"}],"replies":[{"embeddable":true,"href":"https:\/\/cineslys.com\/val\/wp-json\/wp\/v2\/comments?post=2267"}],"version-history":[{"count":0,"href":"https:\/\/cineslys.com\/val\/wp-json\/wp\/v2\/posts\/2267\/revisions"}],"wp:featuredmedia":[{"embeddable":true,"href":"https:\/\/cineslys.com\/val\/wp-json\/wp\/v2\/media\/2180"}],"wp:attachment":[{"href":"https:\/\/cineslys.com\/val\/wp-json\/wp\/v2\/media?parent=2267"}],"wp:term":[{"taxonomy":"category","embeddable":true,"href":"https:\/\/cineslys.com\/val\/wp-json\/wp\/v2\/categories?post=2267"},{"taxonomy":"post_tag","embeddable":true,"href":"https:\/\/cineslys.com\/val\/wp-json\/wp\/v2\/tags?post=2267"}],"curies":[{"name":"wp","href":"https:\/\/api.w.org\/{rel}","templated":true}]}}