									
{"id":2273,"date":"2023-12-15T17:28:44","date_gmt":"2023-12-15T17:28:44","guid":{"rendered":"https:\/\/cineslys.com\/?p=2273"},"modified":"2023-12-15T17:30:43","modified_gmt":"2023-12-15T17:30:43","slug":"especial-ano-2023-en-cines-lys-valencia","status":"publish","type":"post","link":"https:\/\/cineslys.com\/val\/estrenos\/especial-ano-2023-en-cines-lys-valencia\/","title":{"rendered":"Especial a\u00f1o 2023 En Cines Lys Valencia"},"content":{"rendered":"<div data-elementor-type=\"wp-post\" data-elementor-id=\"2273\" class=\"elementor elementor-2273\" data-elementor-post-type=\"post\">\n\t\t\t\t\t\t<section class=\"elementor-section elementor-top-section elementor-element elementor-element-785de3d9 elementor-section-boxed elementor-section-height-default elementor-section-height-default\" data-id=\"785de3d9\" data-element_type=\"section\">\n\t\t\t\t\t\t<div class=\"elementor-container elementor-column-gap-default\">\n\t\t\t\t\t<div class=\"elementor-column elementor-col-100 elementor-top-column elementor-element elementor-element-67962268\" data-id=\"67962268\" data-element_type=\"column\">\n\t\t\t<div class=\"elementor-widget-wrap elementor-element-populated\">\n\t\t\t\t\t\t<div class=\"elementor-element elementor-element-160d85ab elementor-widget elementor-widget-text-editor\" data-id=\"160d85ab\" data-element_type=\"widget\" data-widget_type=\"text-editor.default\">\n\t\t\t\t<div class=\"elementor-widget-container\">\n\t\t\t\t\t\t\t\t\t\n<p><a href=\"https:\/\/www.youtube.com\/@cineslysvalencia\" rel=\"nofollow noopener\" target=\"_blank\"><\/a><\/p>\n\t\t\t\t\t\t\t\t<\/div>\n\t\t\t\t<\/div>\n\t\t\t\t\t<\/div>\n\t\t<\/div>\n\t\t\t\t\t<\/div>\n\t\t<\/section>\n\t\t\t\t<section class=\"elementor-section elementor-top-section elementor-element elementor-element-a225e1f elementor-section-boxed elementor-section-height-default elementor-section-height-default\" data-id=\"a225e1f\" data-element_type=\"section\">\n\t\t\t\t\t\t<div class=\"elementor-container elementor-column-gap-default\">\n\t\t\t\t\t<div class=\"elementor-column elementor-col-100 elementor-top-column elementor-element elementor-element-0cbb542\" data-id=\"0cbb542\" data-element_type=\"column\">\n\t\t\t<div class=\"elementor-widget-wrap elementor-element-populated\">\n\t\t\t\t\t\t<div class=\"elementor-element elementor-element-29e423d elementor-widget elementor-widget-video\" data-id=\"29e423d\" data-element_type=\"widget\" data-settings=\"{&quot;youtube_url&quot;:&quot;https:\\\/\\\/www.youtube.com\\\/watch?v=aQLRYl4DdCM&quot;,&quot;video_type&quot;:&quot;youtube&quot;,&quot;controls&quot;:&quot;yes&quot;}\" data-widget_type=\"video.default\">\n\t\t\t\t<div class=\"elementor-widget-container\">\n\t\t\t\t\t\t\t<div class=\"elementor-wrapper elementor-open-inline\">\n\t\t\t<div class=\"elementor-video\"><\/div>\t\t<\/div>\n\t\t\t\t\t\t<\/div>\n\t\t\t\t<\/div>\n\t\t\t\t\t<\/div>\n\t\t<\/div>\n\t\t\t\t\t<\/div>\n\t\t<\/section>\n\t\t\t\t<section class=\"elementor-section elementor-top-section elementor-element elementor-element-265b2f8 elementor-section-boxed elementor-section-height-default elementor-section-height-default\" data-id=\"265b2f8\" data-element_type=\"section\">\n\t\t\t\t\t\t<div class=\"elementor-container elementor-column-gap-default\">\n\t\t\t\t\t<div class=\"elementor-column elementor-col-100 elementor-top-column elementor-element elementor-element-c7501a5\" data-id=\"c7501a5\" data-element_type=\"column\">\n\t\t\t<div class=\"elementor-widget-wrap elementor-element-populated\">\n\t\t\t\t\t\t<div class=\"elementor-element elementor-element-b901b13 elementor-widget elementor-widget-text-editor\" data-id=\"b901b13\" data-element_type=\"widget\" data-widget_type=\"text-editor.default\">\n\t\t\t\t<div class=\"elementor-widget-container\">\n\t\t\t\t\t\t\t\t\t<p>En nada terminamos 2023 y, echando la vista atr\u00e1s, nos emocionamos al ver el pedazo a\u00f1o de Cine que nos hemos pegado juntos.<\/p>\n<p>Primero de todo, agradecer a todos los artistas, productores y distribuidores, que no han dudado en visitar #Valencia y los Cines Lys. Cada vez sois m\u00e1s los que apoy\u00e1is nuestras actividades.<\/p>\n<p>Gracias al equipazo de Cines Lys. Todos los trabajadores que componen esta gran familia cin\u00e9fila y que trabajan duro cada d\u00eda.<\/p>\n<p>Y gracias al p\u00fablico de Valencia que apoya nuestras actividades. Sin vosotros apoyando d\u00eda a d\u00eda, nada de lo que hacemos tendr\u00eda sentido.<\/p><p><br><\/p>\n<p>El 2024 empieza en breves, y ya nos emocionamos solo con decirte otro m\u00e1s #NosVemosEnLys<\/p>\t\t\t\t\t\t\t\t<\/div>\n\t\t\t\t<\/div>\n\t\t\t\t\t<\/div>\n\t\t<\/div>\n\t\t\t\t\t<\/div>\n\t\t<\/section>\n\t\t\t\t<\/div>","protected":false},"excerpt":{"rendered":"<p>En nada terminamos 2023 y, echando la vista atr\u00e1s, nos emocionamos al ver el pedazo a\u00f1o de Cine que nos hemos pegado juntos. Primero de todo, agradecer a todos los&hellip; <a class=\"more-link\" href=\"https:\/\/cineslys.com\/val\/estrenos\/especial-ano-2023-en-cines-lys-valencia\/\">Continue reading <span class=\"screen-reader-text\">Especial a\u00f1o 2023 En Cines Lys Valencia<\/span><\/a><\/p>","protected":false},"author":1,"featured_media":0,"comment_status":"closed","ping_status":"closed","sticky":false,"template":"","format":"standard","meta":{"footnotes":""},"categories":[1],"tags":[],"class_list":["post-2273","post","type-post","status-publish","format-standard","hentry","category-estrenos","entry"],"_links":{"self":[{"href":"https:\/\/cineslys.com\/val\/wp-json\/wp\/v2\/posts\/2273","targetHints":{"allow":["GET"]}}],"collection":[{"href":"https:\/\/cineslys.com\/val\/wp-json\/wp\/v2\/posts"}],"about":[{"href":"https:\/\/cineslys.com\/val\/wp-json\/wp\/v2\/types\/post"}],"author":[{"embeddable":true,"href":"https:\/\/cineslys.com\/val\/wp-json\/wp\/v2\/users\/1"}],"replies":[{"embeddable":true,"href":"https:\/\/cineslys.com\/val\/wp-json\/wp\/v2\/comments?post=2273"}],"version-history":[{"count":0,"href":"https:\/\/cineslys.com\/val\/wp-json\/wp\/v2\/posts\/2273\/revisions"}],"wp:attachment":[{"href":"https:\/\/cineslys.com\/val\/wp-json\/wp\/v2\/media?parent=2273"}],"wp:term":[{"taxonomy":"category","embeddable":true,"href":"https:\/\/cineslys.com\/val\/wp-json\/wp\/v2\/categories?post=2273"},{"taxonomy":"post_tag","embeddable":true,"href":"https:\/\/cineslys.com\/val\/wp-json\/wp\/v2\/tags?post=2273"}],"curies":[{"name":"wp","href":"https:\/\/api.w.org\/{rel}","templated":true}]}}