									
{"id":325,"date":"2023-07-04T11:45:11","date_gmt":"2023-07-04T11:45:11","guid":{"rendered":"https:\/\/nuevaweb.elcineenelcine.com\/?p=325"},"modified":"2023-07-04T16:40:50","modified_gmt":"2023-07-04T16:40:50","slug":"santiago-segura-cines-lys-valencia","status":"publish","type":"post","link":"https:\/\/cineslys.com\/val\/estrenos\/santiago-segura-cines-lys-valencia\/","title":{"rendered":"Visita de Santiago Segura a Cines Lys Valencia"},"content":{"rendered":"<div data-elementor-type=\"wp-post\" data-elementor-id=\"325\" class=\"elementor elementor-325\" data-elementor-post-type=\"post\">\n\t\t\t\t\t\t<section class=\"elementor-section elementor-top-section elementor-element elementor-element-008ffb2 elementor-section-boxed elementor-section-height-default elementor-section-height-default\" data-id=\"008ffb2\" data-element_type=\"section\">\n\t\t\t\t\t\t<div class=\"elementor-container elementor-column-gap-default\">\n\t\t\t\t\t<div class=\"elementor-column elementor-col-100 elementor-top-column elementor-element elementor-element-0ef9b70\" data-id=\"0ef9b70\" data-element_type=\"column\">\n\t\t\t<div class=\"elementor-widget-wrap elementor-element-populated\">\n\t\t\t\t\t\t<div class=\"elementor-element elementor-element-e505058 elementor-widget elementor-widget-image\" data-id=\"e505058\" data-element_type=\"widget\" data-widget_type=\"image.default\">\n\t\t\t\t<div class=\"elementor-widget-container\">\n\t\t\t\t\t\t\t\t\t\t\t\t\t\t\t<img fetchpriority=\"high\" decoding=\"async\" width=\"750\" height=\"394\" src=\"https:\/\/cineslys.com\/wp-content\/uploads\/2023\/07\/cineslys-salallena-1024x538.jpg\" class=\"attachment-large size-large wp-image-296\" alt=\"\" srcset=\"https:\/\/cineslys.com\/wp-content\/uploads\/2023\/07\/cineslys-salallena-1024x538.jpg 1024w, https:\/\/cineslys.com\/wp-content\/uploads\/2023\/07\/cineslys-salallena-300x158.jpg 300w, https:\/\/cineslys.com\/wp-content\/uploads\/2023\/07\/cineslys-salallena-768x403.jpg 768w, https:\/\/cineslys.com\/wp-content\/uploads\/2023\/07\/cineslys-salallena.jpg 1200w\" sizes=\"(max-width: 750px) 100vw, 750px\" style=\"width:100%;height:52.5%;max-width:1200px\" title=\"\">\t\t\t\t\t\t\t\t\t\t\t\t\t\t\t<\/div>\n\t\t\t\t<\/div>\n\t\t\t\t<div class=\"elementor-element elementor-element-81bcfde elementor-widget elementor-widget-text-editor\" data-id=\"81bcfde\" data-element_type=\"widget\" data-widget_type=\"text-editor.default\">\n\t\t\t\t<div class=\"elementor-widget-container\">\n\t\t\t\t\t\t\t\t\t<p>Santiago Segura en Cines Lys Valencia<\/p>\t\t\t\t\t\t\t\t<\/div>\n\t\t\t\t<\/div>\n\t\t\t\t<div class=\"elementor-element elementor-element-d8dfcdd elementor-widget elementor-widget-text-editor\" data-id=\"d8dfcdd\" data-element_type=\"widget\" data-widget_type=\"text-editor.default\">\n\t\t\t\t<div class=\"elementor-widget-container\">\n\t\t\t\t\t\t\t\t\t<p>El pasado martes 27 de junio, el reconocido <strong>director y actor espa\u00f1ol Santiago Segura<\/strong> hizo una emocionante visita a los Cines Lys, donde present\u00f3 en exclusiva su esperada pel\u00edcula \u00abVacaciones de verano\u00bb. La llegada de Santiago Segura a Cines Lys gener\u00f3 una gran expectativa entre los amantes del cine. La pel\u00edcula \u00abVacaciones de verano\u00bb promete ser un \u00e9xito de taquilla y el p\u00fablico no pod\u00eda esperar para tener un adelanto exclusivo antes de su lanzamiento oficial.<br \/><br \/><\/p><p>Durante el evento, Segura tom\u00f3 el micr\u00f3fono y agradeci\u00f3 a los presentes por su apoyo incondicional a lo largo de su carrera. Tambi\u00e9n comparti\u00f3 an\u00e9cdotas divertidas sobre el proceso de rodaje de \u00abVacaciones de verano\u00bb y contest\u00f3 algunas preguntas de los asistentes, quienes quedaron encantados con la cercan\u00eda y el buen humor del director.<br \/><br \/><\/p><p><strong>Sinopsis<\/strong>: Dos amigos, Oscar y F\u00e9lix, pierden su trabajo y se ven obligados a aceptar un trabajo temporal como animadores infantiles en un hotel de lujo. Al ser ambos divorciados, les tocan sus hijos un mes de verano y les es imposible compaginarlo con el trabajo, con lo cual deciden llevarse a los ni\u00f1os y ocultarlos en el hotel, escondidos en la zona de empleados&#8230; pero el plan resulta ser un desastre.<br \/><br \/><a title=\"Compra de entradas Cines Lys\" href=\"https:\/\/www.reservaentradas.com\/sesiones\/valencia\/cineslys\/vacaciones-de-verano\/5757\" rel=\"nofollow noopener\" target=\"_blank\">Compra ahora tus entradas para \u00abVacaciones de Verano\u00bb en Cines Lys Valencia.<\/a><\/p><p>\u00a0<\/p>\t\t\t\t\t\t\t\t<\/div>\n\t\t\t\t<\/div>\n\t\t\t\t<div class=\"elementor-element elementor-element-fc53cd7 elementor-widget elementor-widget-video\" data-id=\"fc53cd7\" data-element_type=\"widget\" data-settings=\"{&quot;youtube_url&quot;:&quot;https:\\\/\\\/www.youtube.com\\\/watch?v=o1lzhrp1QEY&quot;,&quot;video_type&quot;:&quot;youtube&quot;,&quot;controls&quot;:&quot;yes&quot;}\" data-widget_type=\"video.default\">\n\t\t\t\t<div class=\"elementor-widget-container\">\n\t\t\t\t\t\t\t<div class=\"elementor-wrapper elementor-open-inline\">\n\t\t\t<div class=\"elementor-video\"><\/div>\t\t<\/div>\n\t\t\t\t\t\t<\/div>\n\t\t\t\t<\/div>\n\t\t\t\t\t<\/div>\n\t\t<\/div>\n\t\t\t\t\t<\/div>\n\t\t<\/section>\n\t\t\t\t<\/div>","protected":false},"excerpt":{"rendered":"<p>Santiago Segura estuvo en Cines Lys el pasado 27 de junio presentando \u00abVacaciones de Verano\u00bb<\/p>","protected":false},"author":1,"featured_media":296,"comment_status":"closed","ping_status":"closed","sticky":false,"template":"elementor_header_footer","format":"standard","meta":{"footnotes":""},"categories":[1],"tags":[],"class_list":["post-325","post","type-post","status-publish","format-standard","has-post-thumbnail","hentry","category-estrenos","entry"],"_links":{"self":[{"href":"https:\/\/cineslys.com\/val\/wp-json\/wp\/v2\/posts\/325","targetHints":{"allow":["GET"]}}],"collection":[{"href":"https:\/\/cineslys.com\/val\/wp-json\/wp\/v2\/posts"}],"about":[{"href":"https:\/\/cineslys.com\/val\/wp-json\/wp\/v2\/types\/post"}],"author":[{"embeddable":true,"href":"https:\/\/cineslys.com\/val\/wp-json\/wp\/v2\/users\/1"}],"replies":[{"embeddable":true,"href":"https:\/\/cineslys.com\/val\/wp-json\/wp\/v2\/comments?post=325"}],"version-history":[{"count":0,"href":"https:\/\/cineslys.com\/val\/wp-json\/wp\/v2\/posts\/325\/revisions"}],"wp:featuredmedia":[{"embeddable":true,"href":"https:\/\/cineslys.com\/val\/wp-json\/wp\/v2\/media\/296"}],"wp:attachment":[{"href":"https:\/\/cineslys.com\/val\/wp-json\/wp\/v2\/media?parent=325"}],"wp:term":[{"taxonomy":"category","embeddable":true,"href":"https:\/\/cineslys.com\/val\/wp-json\/wp\/v2\/categories?post=325"},{"taxonomy":"post_tag","embeddable":true,"href":"https:\/\/cineslys.com\/val\/wp-json\/wp\/v2\/tags?post=325"}],"curies":[{"name":"wp","href":"https:\/\/api.w.org\/{rel}","templated":true}]}}