									
{"id":371,"date":"2023-07-04T14:23:35","date_gmt":"2023-07-04T14:23:35","guid":{"rendered":"https:\/\/nuevaweb.elcineenelcine.com\/?p=371"},"modified":"2023-07-04T16:37:42","modified_gmt":"2023-07-04T16:37:42","slug":"cita-a-ciegas-4-de-julio","status":"publish","type":"post","link":"https:\/\/cineslys.com\/val\/eventos\/cita-a-ciegas-4-de-julio\/","title":{"rendered":"Cita a Ciegas 4 de julio"},"content":{"rendered":"<div data-elementor-type=\"wp-post\" data-elementor-id=\"371\" class=\"elementor elementor-371\" data-elementor-post-type=\"post\">\n\t\t\t\t\t\t<section class=\"elementor-section elementor-top-section elementor-element elementor-element-6e0dd2d0 elementor-section-boxed elementor-section-height-default elementor-section-height-default\" data-id=\"6e0dd2d0\" data-element_type=\"section\">\n\t\t\t\t\t\t<div class=\"elementor-container elementor-column-gap-default\">\n\t\t\t\t\t<div class=\"elementor-column elementor-col-100 elementor-top-column elementor-element elementor-element-115a76d4\" data-id=\"115a76d4\" data-element_type=\"column\">\n\t\t\t<div class=\"elementor-widget-wrap elementor-element-populated\">\n\t\t\t\t\t\t<div class=\"elementor-element elementor-element-6b659ff9 elementor-widget elementor-widget-image\" data-id=\"6b659ff9\" data-element_type=\"widget\" data-widget_type=\"image.default\">\n\t\t\t\t<div class=\"elementor-widget-container\">\n\t\t\t\t\t\t\t\t\t\t\t\t\t\t\t<img fetchpriority=\"high\" decoding=\"async\" width=\"750\" height=\"394\" src=\"https:\/\/cineslys.com\/wp-content\/uploads\/2023\/07\/cita-ciegas-4julio-1024x538.jpg\" class=\"attachment-large size-large wp-image-373\" alt=\"\" srcset=\"https:\/\/cineslys.com\/wp-content\/uploads\/2023\/07\/cita-ciegas-4julio-1024x538.jpg 1024w, https:\/\/cineslys.com\/wp-content\/uploads\/2023\/07\/cita-ciegas-4julio-300x158.jpg 300w, https:\/\/cineslys.com\/wp-content\/uploads\/2023\/07\/cita-ciegas-4julio-768x403.jpg 768w, https:\/\/cineslys.com\/wp-content\/uploads\/2023\/07\/cita-ciegas-4julio.jpg 1200w\" sizes=\"(max-width: 750px) 100vw, 750px\" style=\"width:100%;height:52.5%;max-width:1200px\" title=\"\">\t\t\t\t\t\t\t\t\t\t\t\t\t\t\t<\/div>\n\t\t\t\t<\/div>\n\t\t\t\t<div class=\"elementor-element elementor-element-6b07e6ff elementor-widget elementor-widget-text-editor\" data-id=\"6b07e6ff\" data-element_type=\"widget\" data-widget_type=\"text-editor.default\">\n\t\t\t\t<div class=\"elementor-widget-container\">\n\t\t\t\t\t\t\t\t\t<p>Nuevo Cita a ciegas este 4 de julio<\/p>\t\t\t\t\t\t\t\t<\/div>\n\t\t\t\t<\/div>\n\t\t\t\t<div class=\"elementor-element elementor-element-16933fb5 elementor-widget elementor-widget-text-editor\" data-id=\"16933fb5\" data-element_type=\"widget\" data-widget_type=\"text-editor.default\">\n\t\t\t\t<div class=\"elementor-widget-container\">\n\t\t\t\t\t\t\t\t\t<p style=\"line-height: var(--wp--typography--line-height, var(--global--line-height-body));\">Un nuevo \u00abCita a ciegas\u00bb llega este martes 4 de julio a los Cines Lys de Valencia. Desde su creaci\u00f3n, ha sido un \u00e9xito y ya se puede disfrutar en otras ciudades como Madrid o Barcelona. Esta iniciativa, impulsada por los Cines Lys de Valencia, busca brindar una experiencia cinematogr\u00e1fica diferente en la ciudad.<\/p><p style=\"line-height: var(--wp--typography--line-height, var(--global--line-height-body));\">Para aquellos que no lo sepan, \u00abCita a Ciegas\u00bb consiste en adquirir entradas por 4\u20ac sin conocer la pel\u00edcula que se proyectar\u00e1. Es una forma de generar gran expectativa y motivar a la gente a regresar a las salas de cine, ofreciendo experiencias \u00fanicas. Al finalizar la pel\u00edcula, nuestro equipo amigo de Oroneta Audiovisuals se encargar\u00e1 de recopilar las opiniones de los clientes para que puedan expresar su opini\u00f3n sobre la pel\u00edcula que han visto.<\/p><p><a title=\"Compra de entradas Cines Lys\" href=\"https:\/\/www.reservaentradas.com\/sesiones\/valencia\/cineslys\/cita-a-ciegas-con-el-cine\/5609\/\" rel=\"nofollow noopener\" target=\"_blank\">Compra ahora tus entradas para \u00abCita a ciegas\u00bb en Cines Lys Valencia.<\/a><\/p>\t\t\t\t\t\t\t\t<\/div>\n\t\t\t\t<\/div>\n\t\t\t\t\t<\/div>\n\t\t<\/div>\n\t\t\t\t\t<\/div>\n\t\t<\/section>\n\t\t\t\t<\/div>","protected":false},"excerpt":{"rendered":"<p>Nuevo Cita a ciegas este 4 de julio Un nuevo \u00abCita a ciegas\u00bb llega este martes 4 de julio a los Cines Lys de Valencia. Desde su creaci\u00f3n, ha sido&hellip; <a class=\"more-link\" href=\"https:\/\/cineslys.com\/val\/eventos\/cita-a-ciegas-4-de-julio\/\">Continue reading <span class=\"screen-reader-text\">Cita a Ciegas 4 de julio<\/span><\/a><\/p>","protected":false},"author":1,"featured_media":373,"comment_status":"open","ping_status":"closed","sticky":false,"template":"elementor_header_footer","format":"standard","meta":{"footnotes":""},"categories":[7],"tags":[],"class_list":["post-371","post","type-post","status-publish","format-standard","has-post-thumbnail","hentry","category-eventos","entry"],"_links":{"self":[{"href":"https:\/\/cineslys.com\/val\/wp-json\/wp\/v2\/posts\/371","targetHints":{"allow":["GET"]}}],"collection":[{"href":"https:\/\/cineslys.com\/val\/wp-json\/wp\/v2\/posts"}],"about":[{"href":"https:\/\/cineslys.com\/val\/wp-json\/wp\/v2\/types\/post"}],"author":[{"embeddable":true,"href":"https:\/\/cineslys.com\/val\/wp-json\/wp\/v2\/users\/1"}],"replies":[{"embeddable":true,"href":"https:\/\/cineslys.com\/val\/wp-json\/wp\/v2\/comments?post=371"}],"version-history":[{"count":0,"href":"https:\/\/cineslys.com\/val\/wp-json\/wp\/v2\/posts\/371\/revisions"}],"wp:featuredmedia":[{"embeddable":true,"href":"https:\/\/cineslys.com\/val\/wp-json\/wp\/v2\/media\/373"}],"wp:attachment":[{"href":"https:\/\/cineslys.com\/val\/wp-json\/wp\/v2\/media?parent=371"}],"wp:term":[{"taxonomy":"category","embeddable":true,"href":"https:\/\/cineslys.com\/val\/wp-json\/wp\/v2\/categories?post=371"},{"taxonomy":"post_tag","embeddable":true,"href":"https:\/\/cineslys.com\/val\/wp-json\/wp\/v2\/tags?post=371"}],"curies":[{"name":"wp","href":"https:\/\/api.w.org\/{rel}","templated":true}]}}