									
{"id":3910,"date":"2024-05-28T17:09:04","date_gmt":"2024-05-28T17:09:04","guid":{"rendered":"https:\/\/cineslys.com\/?p=3910"},"modified":"2024-05-29T15:22:10","modified_gmt":"2024-05-29T15:22:10","slug":"valencia-testime-con-carlos-gimenez-en-cine-clyb-lys","status":"publish","type":"post","link":"https:\/\/cineslys.com\/val\/cine-club-lys\/valencia-testime-con-carlos-gimenez-en-cine-clyb-lys\/","title":{"rendered":"Val\u00e8ncia, t&#8217;estime con Carlos Gim\u00e9nez en Cine Clyb Lys"},"content":{"rendered":"<div data-elementor-type=\"wp-post\" data-elementor-id=\"3910\" class=\"elementor elementor-3910\" data-elementor-post-type=\"post\">\n\t\t\t\t\t\t<section class=\"elementor-section elementor-top-section elementor-element elementor-element-962b47a elementor-section-boxed elementor-section-height-default elementor-section-height-default\" data-id=\"962b47a\" data-element_type=\"section\">\n\t\t\t\t\t\t<div class=\"elementor-container elementor-column-gap-default\">\n\t\t\t\t\t<div class=\"elementor-column elementor-col-100 elementor-top-column elementor-element elementor-element-0ffc019\" data-id=\"0ffc019\" data-element_type=\"column\">\n\t\t\t<div class=\"elementor-widget-wrap elementor-element-populated\">\n\t\t\t\t\t\t<div class=\"elementor-element elementor-element-b8bd1cf elementor-widget elementor-widget-video\" data-id=\"b8bd1cf\" data-element_type=\"widget\" data-settings=\"{&quot;youtube_url&quot;:&quot;https:\\\/\\\/www.youtube.com\\\/watch?v=LNBPG3Hhw5s&quot;,&quot;video_type&quot;:&quot;youtube&quot;,&quot;controls&quot;:&quot;yes&quot;}\" data-widget_type=\"video.default\">\n\t\t\t\t<div class=\"elementor-widget-container\">\n\t\t\t\t\t\t\t<div class=\"elementor-wrapper elementor-open-inline\">\n\t\t\t<div class=\"elementor-video\"><\/div>\t\t<\/div>\n\t\t\t\t\t\t<\/div>\n\t\t\t\t<\/div>\n\t\t\t\t<div class=\"elementor-element elementor-element-9bc0c66 elementor-widget elementor-widget-text-editor\" data-id=\"9bc0c66\" data-element_type=\"widget\" data-widget_type=\"text-editor.default\">\n\t\t\t\t<div class=\"elementor-widget-container\">\n\t\t\t\t\t\t\t\t\t<h2>Val\u00e8ncia t&#8217;estime estreno en Cines Lys Valencia<br \/><br \/><\/h2><p>Ayer en Cine Club Lys pudimos ver Val\u00e8ncia, t&#8217;estime un documental de Carlos Gim\u00e9nez con quien pudimos charlar en los coloquios tras el pase. No os lo pod\u00e9is perder<br \/>\u00a0<\/p><p>Sinopsis: Val\u00e8ncia T&#8217;estime es el primer documental que narra la historia LGTBI de la ciudad desde los a\u00f1os 70 a comienzos de los 2000. Un momento crucial donde la explosi\u00f3n social, las ganas de libertad y la exploraci\u00f3n de la sexualidad marcan el inicio de la lucha igualitaria de sus derechos.<\/p><p>\u00a0<\/p>\t\t\t\t\t\t\t\t<\/div>\n\t\t\t\t<\/div>\n\t\t\t\t<div class=\"elementor-element elementor-element-709f888 elementor-widget elementor-widget-button\" data-id=\"709f888\" data-element_type=\"widget\" data-widget_type=\"button.default\">\n\t\t\t\t<div class=\"elementor-widget-container\">\n\t\t\t\t\t\t\t\t\t<div class=\"elementor-button-wrapper\">\n\t\t\t\t\t<a class=\"elementor-button elementor-button-link elementor-size-sm\" href=\"https:\/\/www.reservaentradas.com\/sesiones\/valencia\/cineslys\/valencia-t-estime\/6134\/\" rel=\"nofollow noopener\" target=\"_blank\">\n\t\t\t\t\t\t<span class=\"elementor-button-content-wrapper\">\n\t\t\t\t\t\t\t\t\t<span class=\"elementor-button-text\">Comprar entradas<\/span>\n\t\t\t\t\t<\/span>\n\t\t\t\t\t<\/a>\n\t\t\t\t<\/div>\n\t\t\t\t\t\t\t\t<\/div>\n\t\t\t\t<\/div>\n\t\t\t\t\t<\/div>\n\t\t<\/div>\n\t\t\t\t\t<\/div>\n\t\t<\/section>\n\t\t\t\t<\/div>","protected":false},"excerpt":{"rendered":"<p>https:\/\/www.youtube.com\/watch?v=LNBPG3Hhw5s Val\u00e8ncia t&#8217;estime estreno en Cines Lys Valencia Ayer en Cine Club Lys pudimos ver Val\u00e8ncia, t&#8217;estime un documental de Carlos Gim\u00e9nez con quien pudimos charlar en los coloquios tras&hellip; <a class=\"more-link\" href=\"https:\/\/cineslys.com\/val\/cine-club-lys\/valencia-testime-con-carlos-gimenez-en-cine-clyb-lys\/\">Continue reading <span class=\"screen-reader-text\">Val\u00e8ncia, t&#8217;estime con Carlos Gim\u00e9nez en Cine Clyb Lys<\/span><\/a><\/p>","protected":false},"author":1,"featured_media":3911,"comment_status":"closed","ping_status":"closed","sticky":false,"template":"","format":"standard","meta":{"footnotes":""},"categories":[15],"tags":[],"class_list":["post-3910","post","type-post","status-publish","format-standard","has-post-thumbnail","hentry","category-cine-club-lys","entry"],"_links":{"self":[{"href":"https:\/\/cineslys.com\/val\/wp-json\/wp\/v2\/posts\/3910","targetHints":{"allow":["GET"]}}],"collection":[{"href":"https:\/\/cineslys.com\/val\/wp-json\/wp\/v2\/posts"}],"about":[{"href":"https:\/\/cineslys.com\/val\/wp-json\/wp\/v2\/types\/post"}],"author":[{"embeddable":true,"href":"https:\/\/cineslys.com\/val\/wp-json\/wp\/v2\/users\/1"}],"replies":[{"embeddable":true,"href":"https:\/\/cineslys.com\/val\/wp-json\/wp\/v2\/comments?post=3910"}],"version-history":[{"count":0,"href":"https:\/\/cineslys.com\/val\/wp-json\/wp\/v2\/posts\/3910\/revisions"}],"wp:featuredmedia":[{"embeddable":true,"href":"https:\/\/cineslys.com\/val\/wp-json\/wp\/v2\/media\/3911"}],"wp:attachment":[{"href":"https:\/\/cineslys.com\/val\/wp-json\/wp\/v2\/media?parent=3910"}],"wp:term":[{"taxonomy":"category","embeddable":true,"href":"https:\/\/cineslys.com\/val\/wp-json\/wp\/v2\/categories?post=3910"},{"taxonomy":"post_tag","embeddable":true,"href":"https:\/\/cineslys.com\/val\/wp-json\/wp\/v2\/tags?post=3910"}],"curies":[{"name":"wp","href":"https:\/\/api.w.org\/{rel}","templated":true}]}}