									
{"id":3972,"date":"2024-05-29T15:32:38","date_gmt":"2024-05-29T15:32:38","guid":{"rendered":"https:\/\/cineslys.com\/?p=3972"},"modified":"2024-05-29T15:36:59","modified_gmt":"2024-05-29T15:36:59","slug":"elementor-3972","status":"publish","type":"post","link":"https:\/\/cineslys.com\/val\/eventos\/elementor-3972\/","title":{"rendered":"Vuelve la Fiesta del Cine a Cines Lys"},"content":{"rendered":"<div data-elementor-type=\"wp-post\" data-elementor-id=\"3972\" class=\"elementor elementor-3972\" data-elementor-post-type=\"post\">\n\t\t\t\t\t\t<section class=\"elementor-section elementor-top-section elementor-element elementor-element-472b952 elementor-section-boxed elementor-section-height-default elementor-section-height-default\" data-id=\"472b952\" data-element_type=\"section\">\n\t\t\t\t\t\t<div class=\"elementor-container elementor-column-gap-default\">\n\t\t\t\t\t<div class=\"elementor-column elementor-col-100 elementor-top-column elementor-element elementor-element-ee48973\" data-id=\"ee48973\" data-element_type=\"column\">\n\t\t\t<div class=\"elementor-widget-wrap elementor-element-populated\">\n\t\t\t\t\t\t<div class=\"elementor-element elementor-element-61f209e elementor-widget elementor-widget-image\" data-id=\"61f209e\" data-element_type=\"widget\" data-widget_type=\"image.default\">\n\t\t\t\t<div class=\"elementor-widget-container\">\n\t\t\t\t\t\t\t\t\t\t\t\t\t\t\t<img decoding=\"async\" src=\"https:\/\/cineslys.com\/wp-content\/uploads\/2024\/05\/ENTRADAS-ALA-VENTA.jpg\" title=\"\" alt=\"FIESTA DEL CINE A LA VENTA\" loading=\"lazy\">\t\t\t\t\t\t\t\t\t\t\t\t\t\t\t<\/div>\n\t\t\t\t<\/div>\n\t\t\t\t\t<\/div>\n\t\t<\/div>\n\t\t\t\t\t<\/div>\n\t\t<\/section>\n\t\t\t\t<section class=\"elementor-section elementor-top-section elementor-element elementor-element-28c9ef8 elementor-section-boxed elementor-section-height-default elementor-section-height-default\" data-id=\"28c9ef8\" data-element_type=\"section\">\n\t\t\t\t\t\t<div class=\"elementor-container elementor-column-gap-default\">\n\t\t\t\t\t<div class=\"elementor-column elementor-col-100 elementor-top-column elementor-element elementor-element-50cb78c\" data-id=\"50cb78c\" data-element_type=\"column\">\n\t\t\t<div class=\"elementor-widget-wrap elementor-element-populated\">\n\t\t\t\t\t\t<div class=\"elementor-element elementor-element-d59f2ba elementor-widget__width-initial elementor-widget elementor-widget-text-editor\" data-id=\"d59f2ba\" data-element_type=\"widget\" data-widget_type=\"text-editor.default\">\n\t\t\t\t<div class=\"elementor-widget-container\">\n\t\t\t\t\t\t\t\t\t<h3 style=\"text-align: center;\">Vuelve la Fiesta del Cine a Cines Lys<\/h3><p>\u00a0<\/p><div>\u00a0<\/div><p>Una nueva edici\u00f3n del evento llega otra vez a Cines Lys, celebr\u00e1ndose el d\u00eda lunes 3, martes 4, mi\u00e9rcoles 5 y jueves 6 de junio.\u00a0<\/p><p>El precio ser\u00e1 de 3,50\u20ac en toda la cartelera.<\/p><p>\u00a0<\/p><p style=\"line-height: var(--wp--typography--line-height, var(--global--line-height-body));\">\u00a1Y recuerda! No es necesario acreditarse previamente para poder disfrutar del evento.<\/p><p style=\"line-height: var(--wp--typography--line-height, var(--global--line-height-body));\"><span style=\"color: var( --e-global-color-text ); font-family: var( --e-global-typography-text-font-family ), Sans-serif; font-weight: var( --e-global-typography-text-font-weight ); font-size: var(--global--font-size-base);\">Si tienes alguna pregunta, h\u00e1znosla saber a trav\u00e9s de nuestras redes sociales y te la resolveremos.\u00a0<\/span><\/p><p style=\"line-height: var(--wp--typography--line-height, var(--global--line-height-body));\"><span style=\"color: var( --e-global-color-text ); font-family: var( --e-global-typography-text-font-family ), Sans-serif; font-weight: var( --e-global-typography-text-font-weight ); font-size: var(--global--font-size-base);\">\u00a0<\/span><\/p><p style=\"line-height: var(--wp--typography--line-height, var(--global--line-height-body));\">\u00a0<\/p><p style=\"line-height: var(--wp--typography--line-height, var(--global--line-height-body));\">\u00a1Entradas ya a la venta!<\/p><p>\u00a0<\/p>\t\t\t\t\t\t\t\t<\/div>\n\t\t\t\t<\/div>\n\t\t\t\t\t<\/div>\n\t\t<\/div>\n\t\t\t\t\t<\/div>\n\t\t<\/section>\n\t\t\t\t<section class=\"elementor-section elementor-top-section elementor-element elementor-element-a76e32e elementor-section-boxed elementor-section-height-default elementor-section-height-default\" data-id=\"a76e32e\" data-element_type=\"section\">\n\t\t\t\t\t\t<div class=\"elementor-container elementor-column-gap-default\">\n\t\t\t\t\t<div class=\"elementor-column elementor-col-100 elementor-top-column elementor-element elementor-element-cc71a37\" data-id=\"cc71a37\" data-element_type=\"column\">\n\t\t\t<div class=\"elementor-widget-wrap elementor-element-populated\">\n\t\t\t\t\t\t<div class=\"elementor-element elementor-element-2b7d840 elementor-align-center elementor-widget elementor-widget-button\" data-id=\"2b7d840\" data-element_type=\"widget\" data-widget_type=\"button.default\">\n\t\t\t\t<div class=\"elementor-widget-container\">\n\t\t\t\t\t\t\t\t\t<div class=\"elementor-button-wrapper\">\n\t\t\t\t\t<a class=\"elementor-button elementor-button-link elementor-size-md\" href=\"https:\/\/www.reservaentradas.com\/cine\/valencia\/cineslys\" rel=\"nofollow noopener\" target=\"_blank\">\n\t\t\t\t\t\t<span class=\"elementor-button-content-wrapper\">\n\t\t\t\t\t\t\t\t\t<span class=\"elementor-button-text\">Reserva tu entrada<\/span>\n\t\t\t\t\t<\/span>\n\t\t\t\t\t<\/a>\n\t\t\t\t<\/div>\n\t\t\t\t\t\t\t\t<\/div>\n\t\t\t\t<\/div>\n\t\t\t\t\t<\/div>\n\t\t<\/div>\n\t\t\t\t\t<\/div>\n\t\t<\/section>\n\t\t\t\t<\/div>","protected":false},"excerpt":{"rendered":"<p>Nueva edici\u00f3n de la Fiesta del Cine llega otra vez a Cines Lys Valencia, esta vez, se celebrar\u00e1 a partir del d\u00eda lunes 3 hasta el jueves 6 de junio. Entradas a 3.50\u20ac en toda la cartelera. <\/p>\n<p>\u00bfYa sabes qu\u00e9 pel\u00edcula vas a ver?<\/p>\n<p>\u00a1Entradas ya a la venta!<\/p>","protected":false},"author":1,"featured_media":0,"comment_status":"closed","ping_status":"closed","sticky":false,"template":"","format":"standard","meta":{"footnotes":""},"categories":[7],"tags":[],"class_list":["post-3972","post","type-post","status-publish","format-standard","hentry","category-eventos","entry"],"_links":{"self":[{"href":"https:\/\/cineslys.com\/val\/wp-json\/wp\/v2\/posts\/3972","targetHints":{"allow":["GET"]}}],"collection":[{"href":"https:\/\/cineslys.com\/val\/wp-json\/wp\/v2\/posts"}],"about":[{"href":"https:\/\/cineslys.com\/val\/wp-json\/wp\/v2\/types\/post"}],"author":[{"embeddable":true,"href":"https:\/\/cineslys.com\/val\/wp-json\/wp\/v2\/users\/1"}],"replies":[{"embeddable":true,"href":"https:\/\/cineslys.com\/val\/wp-json\/wp\/v2\/comments?post=3972"}],"version-history":[{"count":0,"href":"https:\/\/cineslys.com\/val\/wp-json\/wp\/v2\/posts\/3972\/revisions"}],"wp:attachment":[{"href":"https:\/\/cineslys.com\/val\/wp-json\/wp\/v2\/media?parent=3972"}],"wp:term":[{"taxonomy":"category","embeddable":true,"href":"https:\/\/cineslys.com\/val\/wp-json\/wp\/v2\/categories?post=3972"},{"taxonomy":"post_tag","embeddable":true,"href":"https:\/\/cineslys.com\/val\/wp-json\/wp\/v2\/tags?post=3972"}],"curies":[{"name":"wp","href":"https:\/\/api.w.org\/{rel}","templated":true}]}}