									
{"id":666,"date":"2023-07-11T13:12:49","date_gmt":"2023-07-11T13:12:49","guid":{"rendered":"https:\/\/nuevaweb.elcineenelcine.com\/?p=666"},"modified":"2024-02-20T10:26:19","modified_gmt":"2024-02-20T10:26:19","slug":"cine-senior-en-cines-lys","status":"publish","type":"post","link":"https:\/\/cineslys.com\/val\/noticias\/cine-senior-en-cines-lys\/","title":{"rendered":"Cine S\u00e9nior en Cines Lys"},"content":{"rendered":"<div data-elementor-type=\"wp-post\" data-elementor-id=\"666\" class=\"elementor elementor-666\" data-elementor-post-type=\"post\">\n\t\t\t\t\t\t<section class=\"elementor-section elementor-top-section elementor-element elementor-element-314827aa elementor-section-boxed elementor-section-height-default elementor-section-height-default\" data-id=\"314827aa\" data-element_type=\"section\">\n\t\t\t\t\t\t<div class=\"elementor-container elementor-column-gap-default\">\n\t\t\t\t\t<div class=\"elementor-column elementor-col-100 elementor-top-column elementor-element elementor-element-733f1374\" data-id=\"733f1374\" data-element_type=\"column\">\n\t\t\t<div class=\"elementor-widget-wrap elementor-element-populated\">\n\t\t\t\t\t\t<div class=\"elementor-element elementor-element-2dd7fa55 elementor-widget elementor-widget-image\" data-id=\"2dd7fa55\" data-element_type=\"widget\" data-widget_type=\"image.default\">\n\t\t\t\t<div class=\"elementor-widget-container\">\n\t\t\t\t\t\t\t\t\t\t\t\t\t\t\t<img fetchpriority=\"high\" decoding=\"async\" width=\"750\" height=\"394\" src=\"https:\/\/cineslys.com\/wp-content\/uploads\/2023\/07\/cine-senior-2E-valencia-1024x538.jpg\" class=\"attachment-large size-large wp-image-668\" alt=\"\" srcset=\"https:\/\/cineslys.com\/wp-content\/uploads\/2023\/07\/cine-senior-2E-valencia-1024x538.jpg 1024w, https:\/\/cineslys.com\/wp-content\/uploads\/2023\/07\/cine-senior-2E-valencia-300x158.jpg 300w, https:\/\/cineslys.com\/wp-content\/uploads\/2023\/07\/cine-senior-2E-valencia-768x403.jpg 768w, https:\/\/cineslys.com\/wp-content\/uploads\/2023\/07\/cine-senior-2E-valencia.jpg 1200w\" sizes=\"(max-width: 750px) 100vw, 750px\" style=\"width:100%;height:52.5%;max-width:1200px\" title=\"\">\t\t\t\t\t\t\t\t\t\t\t\t\t\t\t<\/div>\n\t\t\t\t<\/div>\n\t\t\t\t<div class=\"elementor-element elementor-element-40d13c21 elementor-widget elementor-widget-text-editor\" data-id=\"40d13c21\" data-element_type=\"widget\" data-widget_type=\"text-editor.default\">\n\t\t\t\t<div class=\"elementor-widget-container\">\n\t\t\t\t\t\t\t\t\t<p style=\"margin-bottom: 0cm; border: none; padding: 0cm;\">\u00a0Llega el Cine S\u00e9nior a 2\u20ac en Valencia (Promoci\u00f3n finalizada)<\/p>\t\t\t\t\t\t\t\t<\/div>\n\t\t\t\t<\/div>\n\t\t\t\t<div class=\"elementor-element elementor-element-4a87c4c3 elementor-widget elementor-widget-text-editor\" data-id=\"4a87c4c3\" data-element_type=\"widget\" data-widget_type=\"text-editor.default\">\n\t\t\t\t<div class=\"elementor-widget-container\">\n\t\t\t\t\t\t\t\t\t<p>El pr\u00f3ximo martes comienza el programa Cine S\u00e9nior, que permitir\u00e1 a las personas mayores de 65 a\u00f1os disfrutar de las pel\u00edculas en los Cines Lys por tan solo 2\u20ac. Esta iniciativa es llevada a cabo por el Ministerio de Cultura y la FECE (Federaci\u00f3n de Cines Espa\u00f1oles) con el objetivo de fomentar el regreso del p\u00fablico mayor de 65 a\u00f1os a las salas de cine.<br><br><\/p>\n<p>Las condiciones para participar en esta promoci\u00f3n son las siguientes:<\/p>\n<p><\/p>\n<ul>\n<li>\n<p>Ser mayor de 65 a\u00f1os.<\/p>\n<\/li>\n<li>\n<p>Comprar la entrada en taquilla y presentar una identificaci\u00f3n previa.<\/p>\n<\/li>\n<li>\n<p>Se podr\u00e1 adquirir una entrada por 2\u20ac y, si se desea, se podr\u00e1n comprar entradas adicionales para otras funciones del mismo d\u00eda, siempre y cuando se puedan utilizar.<\/p>\n<\/li>\n<li>\n<p>No es necesario registrarse previamente.<\/p>\n<\/li><li><p>Fecha fin acci\u00f3n 31 diciembre 2023<br><br><\/p><\/li>\n<\/ul>\n<p>Las personas mayores de 65 a\u00f1os son el grupo de edad que ha tardado m\u00e1s en retomar la costumbre de ir al cine en salas despu\u00e9s de la pandemia. A\u00fan se observan diferencias significativas en la asistencia al cine entre distintos grupos de edad: mientras que el 49,3% de los j\u00f3venes de 20 a 24 a\u00f1os asisti\u00f3 al menos una vez al a\u00f1o al cine entre 2021 y 2022, este porcentaje se reduce al 6% en la poblaci\u00f3n de mayor edad.<\/p>\n<p><\/p>\n<p>El sector cinematogr\u00e1fico ha sido uno de los m\u00e1s afectados por la pandemia y sigue enfrentando dificultades en la actualidad. Las medidas sanitarias implementadas debido a la COVID-19 han provocado una disminuci\u00f3n significativa en la asistencia promedio a las salas de cine en Espa\u00f1a, la cual a\u00fan no ha logrado recuperarse por completo. A pesar de los repuntes experimentados en 2022, el sector todav\u00eda registra alrededor de un 40% menos de espectadores en comparaci\u00f3n con el promedio de los a\u00f1os 2017 a 2019.<\/p>\n<p><\/p>\n<p>Esta medida se encuentra en consonancia con los objetivos del Plan de Recuperaci\u00f3n, Transformaci\u00f3n y Resiliencia, cuyo componente 24 busca facilitar el acceso a la cultura y promover la transici\u00f3n hacia el nuevo entorno digital, que permita la incorporaci\u00f3n de nuevas posibilidades y realidades. Asimismo, los Objetivos de Desarrollo Sostenible de las Naciones Unidas reconocen la importancia de preservar y promover la cultura como fines en s\u00ed mismos.<\/p>\n<p><\/p>\n<p>Este nuevo programa de subvenciones directas se suma a las ayudas econ\u00f3micas directas que el Ministerio de Cultura y Deporte implement\u00f3 para contrarrestar los efectos de la COVID-19. En 2022, se destinaron m\u00e1s de 10 millones de euros a 232 empresas y entidades, beneficiando un total de 476 salas de exhibici\u00f3n distribuidas en todo el territorio.<\/p>\t\t\t\t\t\t\t\t<\/div>\n\t\t\t\t<\/div>\n\t\t\t\t<div class=\"elementor-element elementor-element-5fac855 elementor-align-center elementor-widget elementor-widget-button\" data-id=\"5fac855\" data-element_type=\"widget\" data-widget_type=\"button.default\">\n\t\t\t\t<div class=\"elementor-widget-container\">\n\t\t\t\t\t\t\t\t\t<div class=\"elementor-button-wrapper\">\n\t\t\t\t\t<a class=\"elementor-button elementor-button-link elementor-size-sm\" href=\"https:\/\/www.reservaentradas.com\/cine\/valencia\/cineslys\/\" rel=\"nofollow noopener\" target=\"_blank\">\n\t\t\t\t\t\t<span class=\"elementor-button-content-wrapper\">\n\t\t\t\t\t\t<span class=\"elementor-button-icon\">\n\t\t\t\t<i aria-hidden=\"true\" class=\"far fa-eye\"><\/i>\t\t\t<\/span>\n\t\t\t\t\t\t\t\t\t<span class=\"elementor-button-text\">Ver cartelera<\/span>\n\t\t\t\t\t<\/span>\n\t\t\t\t\t<\/a>\n\t\t\t\t<\/div>\n\t\t\t\t\t\t\t\t<\/div>\n\t\t\t\t<\/div>\n\t\t\t\t\t<\/div>\n\t\t<\/div>\n\t\t\t\t\t<\/div>\n\t\t<\/section>\n\t\t\t\t<\/div>","protected":false},"excerpt":{"rendered":"<p>Llega el Cine a 2\u20ac para mayores de 65 a\u00f1os todos los martes.<\/p>","protected":false},"author":1,"featured_media":668,"comment_status":"closed","ping_status":"closed","sticky":false,"template":"","format":"standard","meta":{"footnotes":""},"categories":[13],"tags":[],"class_list":["post-666","post","type-post","status-publish","format-standard","has-post-thumbnail","hentry","category-noticias","entry"],"_links":{"self":[{"href":"https:\/\/cineslys.com\/val\/wp-json\/wp\/v2\/posts\/666","targetHints":{"allow":["GET"]}}],"collection":[{"href":"https:\/\/cineslys.com\/val\/wp-json\/wp\/v2\/posts"}],"about":[{"href":"https:\/\/cineslys.com\/val\/wp-json\/wp\/v2\/types\/post"}],"author":[{"embeddable":true,"href":"https:\/\/cineslys.com\/val\/wp-json\/wp\/v2\/users\/1"}],"replies":[{"embeddable":true,"href":"https:\/\/cineslys.com\/val\/wp-json\/wp\/v2\/comments?post=666"}],"version-history":[{"count":0,"href":"https:\/\/cineslys.com\/val\/wp-json\/wp\/v2\/posts\/666\/revisions"}],"wp:featuredmedia":[{"embeddable":true,"href":"https:\/\/cineslys.com\/val\/wp-json\/wp\/v2\/media\/668"}],"wp:attachment":[{"href":"https:\/\/cineslys.com\/val\/wp-json\/wp\/v2\/media?parent=666"}],"wp:term":[{"taxonomy":"category","embeddable":true,"href":"https:\/\/cineslys.com\/val\/wp-json\/wp\/v2\/categories?post=666"},{"taxonomy":"post_tag","embeddable":true,"href":"https:\/\/cineslys.com\/val\/wp-json\/wp\/v2\/tags?post=666"}],"curies":[{"name":"wp","href":"https:\/\/api.w.org\/{rel}","templated":true}]}}