									
{"id":8734,"date":"2025-05-22T08:06:25","date_gmt":"2025-05-22T08:06:25","guid":{"rendered":"https:\/\/cineslys.com\/?p=8734"},"modified":"2025-05-22T08:07:56","modified_gmt":"2025-05-22T08:07:56","slug":"cita-a-ciegas-con-el-cine-una-razon-brillante","status":"publish","type":"post","link":"https:\/\/cineslys.com\/val\/cita-a-ciegas\/cita-a-ciegas-con-el-cine-una-razon-brillante\/","title":{"rendered":"Cita a Ciegas con el Cine: Una raz\u00f3n brillante"},"content":{"rendered":"<div data-elementor-type=\"wp-post\" data-elementor-id=\"8734\" class=\"elementor elementor-8734\" data-elementor-post-type=\"post\">\n\t\t\t\t\t\t<section class=\"elementor-section elementor-top-section elementor-element elementor-element-1948853 elementor-section-boxed elementor-section-height-default elementor-section-height-default\" data-id=\"1948853\" data-element_type=\"section\">\n\t\t\t\t\t\t<div class=\"elementor-container elementor-column-gap-default\">\n\t\t\t\t\t<div class=\"elementor-column elementor-col-100 elementor-top-column elementor-element elementor-element-1eb3df6\" data-id=\"1eb3df6\" data-element_type=\"column\">\n\t\t\t<div class=\"elementor-widget-wrap elementor-element-populated\">\n\t\t\t\t\t\t<div class=\"elementor-element elementor-element-ca7f358 elementor-widget elementor-widget-video\" data-id=\"ca7f358\" data-element_type=\"widget\" data-settings=\"{&quot;youtube_url&quot;:&quot;https:\\\/\\\/www.youtube.com\\\/watch?v=3MVttWjipAE&quot;,&quot;video_type&quot;:&quot;youtube&quot;,&quot;controls&quot;:&quot;yes&quot;}\" data-widget_type=\"video.default\">\n\t\t\t\t<div class=\"elementor-widget-container\">\n\t\t\t\t\t\t\t<div class=\"elementor-wrapper elementor-open-inline\">\n\t\t\t<div class=\"elementor-video\"><\/div>\t\t<\/div>\n\t\t\t\t\t\t<\/div>\n\t\t\t\t<\/div>\n\t\t\t\t\t<\/div>\n\t\t<\/div>\n\t\t\t\t\t<\/div>\n\t\t<\/section>\n\t\t\t\t<section class=\"elementor-section elementor-top-section elementor-element elementor-element-5c0beac elementor-section-boxed elementor-section-height-default elementor-section-height-default\" data-id=\"5c0beac\" data-element_type=\"section\">\n\t\t\t\t\t\t<div class=\"elementor-container elementor-column-gap-default\">\n\t\t\t\t\t<div class=\"elementor-column elementor-col-100 elementor-top-column elementor-element elementor-element-8db8620\" data-id=\"8db8620\" data-element_type=\"column\">\n\t\t\t<div class=\"elementor-widget-wrap elementor-element-populated\">\n\t\t\t\t\t\t<div class=\"elementor-element elementor-element-283537a elementor-widget elementor-widget-heading\" data-id=\"283537a\" data-element_type=\"widget\" data-widget_type=\"heading.default\">\n\t\t\t\t<div class=\"elementor-widget-container\">\n\t\t\t\t\t<h2 class=\"elementor-heading-title elementor-size-default\">Cita a Ciegas con el Cine: Una raz\u00f3n brillante<\/h2>\t\t\t\t<\/div>\n\t\t\t\t<\/div>\n\t\t\t\t<div class=\"elementor-element elementor-element-a07feba elementor-widget elementor-widget-text-editor\" data-id=\"a07feba\" data-element_type=\"widget\" data-widget_type=\"text-editor.default\">\n\t\t\t\t<div class=\"elementor-widget-container\">\n\t\t\t\t\t\t\t\t\t<p>El martes pasado, vimos\u00a0<strong>Una raz\u00f3n brillante (2017)<\/strong>, pel\u00edcula francesa dirigida por Yvan Attal y protagonizada por Daniel Auteuil, Cam\u00e9lia Jordana, Nozha Khouadra, y m\u00e1s<\/p><p>\u00a0<\/p><p><strong>Sinopsis:<\/strong>\u00a0Ne\u00efla Salah es una joven del extrarradio parisino que sue\u00f1a con ser abogada. Se ha matriculado en la facultad de Derecho m\u00e1s importante de Par\u00eds, pero el primer d\u00eda de clase tiene un enfrentamiento con Pierre Mazard, un profesor algo conflictivo. Para redimirse, el profesor propone a Ne\u00efla ayudarla a preparar una importante prueba a nivel nacional. Aunque c\u00ednico y exigente, Pierre ser\u00eda la ayuda ideal que Ne\u00efla est\u00e1 necesitando pero para ello tendr\u00e1n que empezar los dos por superar algunos prejuicios.<\/p><p>\u00a0<\/p><p>\u00bfQu\u00e9 pel\u00edcula ser\u00e1 la del<strong>\u00a0martes 27 de mayo<\/strong>? Seguro te va a encantar. Consigue tu entrada por 5\u20ac y d\u00e9jate sorprender.<\/p>\t\t\t\t\t\t\t\t<\/div>\n\t\t\t\t<\/div>\n\t\t\t\t\t<\/div>\n\t\t<\/div>\n\t\t\t\t\t<\/div>\n\t\t<\/section>\n\t\t\t\t<\/div>","protected":false},"excerpt":{"rendered":"<p>Cita a Ciegas con el Cine: Una raz\u00f3n brillante El martes pasado, vimos\u00a0Una raz\u00f3n brillante (2017), pel\u00edcula francesa dirigida por Yvan Attal y protagonizada por Daniel Auteuil, Cam\u00e9lia Jordana, Nozha&hellip; <a class=\"more-link\" href=\"https:\/\/cineslys.com\/val\/cita-a-ciegas\/cita-a-ciegas-con-el-cine-una-razon-brillante\/\">Continue reading <span class=\"screen-reader-text\">Cita a Ciegas con el Cine: Una raz\u00f3n brillante<\/span><\/a><\/p>","protected":false},"author":1,"featured_media":8735,"comment_status":"closed","ping_status":"closed","sticky":false,"template":"","format":"standard","meta":{"footnotes":""},"categories":[14],"tags":[],"class_list":["post-8734","post","type-post","status-publish","format-standard","has-post-thumbnail","hentry","category-cita-a-ciegas","entry"],"_links":{"self":[{"href":"https:\/\/cineslys.com\/val\/wp-json\/wp\/v2\/posts\/8734","targetHints":{"allow":["GET"]}}],"collection":[{"href":"https:\/\/cineslys.com\/val\/wp-json\/wp\/v2\/posts"}],"about":[{"href":"https:\/\/cineslys.com\/val\/wp-json\/wp\/v2\/types\/post"}],"author":[{"embeddable":true,"href":"https:\/\/cineslys.com\/val\/wp-json\/wp\/v2\/users\/1"}],"replies":[{"embeddable":true,"href":"https:\/\/cineslys.com\/val\/wp-json\/wp\/v2\/comments?post=8734"}],"version-history":[{"count":0,"href":"https:\/\/cineslys.com\/val\/wp-json\/wp\/v2\/posts\/8734\/revisions"}],"wp:featuredmedia":[{"embeddable":true,"href":"https:\/\/cineslys.com\/val\/wp-json\/wp\/v2\/media\/8735"}],"wp:attachment":[{"href":"https:\/\/cineslys.com\/val\/wp-json\/wp\/v2\/media?parent=8734"}],"wp:term":[{"taxonomy":"category","embeddable":true,"href":"https:\/\/cineslys.com\/val\/wp-json\/wp\/v2\/categories?post=8734"},{"taxonomy":"post_tag","embeddable":true,"href":"https:\/\/cineslys.com\/val\/wp-json\/wp\/v2\/tags?post=8734"}],"curies":[{"name":"wp","href":"https:\/\/api.w.org\/{rel}","templated":true}]}}