									
{"id":8945,"date":"2025-06-10T08:46:06","date_gmt":"2025-06-10T08:46:06","guid":{"rendered":"https:\/\/cineslys.com\/?p=8945"},"modified":"2025-06-10T08:47:24","modified_gmt":"2025-06-10T08:47:24","slug":"los-tortuga-con-belen-funes-en-cine-club-lys","status":"publish","type":"post","link":"https:\/\/cineslys.com\/val\/cine-club-lys\/los-tortuga-con-belen-funes-en-cine-club-lys\/","title":{"rendered":"Los Tortuga con Bel\u00e9n Funes en Cine Club Lys"},"content":{"rendered":"<div data-elementor-type=\"wp-post\" data-elementor-id=\"8945\" class=\"elementor elementor-8945\" data-elementor-post-type=\"post\">\n\t\t\t\t\t\t<section class=\"elementor-section elementor-top-section elementor-element elementor-element-82e12f7 elementor-section-boxed elementor-section-height-default elementor-section-height-default\" data-id=\"82e12f7\" data-element_type=\"section\">\n\t\t\t\t\t\t<div class=\"elementor-container elementor-column-gap-default\">\n\t\t\t\t\t<div class=\"elementor-column elementor-col-100 elementor-top-column elementor-element elementor-element-8452e39\" data-id=\"8452e39\" data-element_type=\"column\">\n\t\t\t<div class=\"elementor-widget-wrap elementor-element-populated\">\n\t\t\t\t\t\t<div class=\"elementor-element elementor-element-2b54e80 elementor-widget elementor-widget-video\" data-id=\"2b54e80\" data-element_type=\"widget\" data-settings=\"{&quot;youtube_url&quot;:&quot;https:\\\/\\\/www.youtube.com\\\/watch?v=UWaNZba1gvM&quot;,&quot;video_type&quot;:&quot;youtube&quot;,&quot;controls&quot;:&quot;yes&quot;}\" data-widget_type=\"video.default\">\n\t\t\t\t<div class=\"elementor-widget-container\">\n\t\t\t\t\t\t\t<div class=\"elementor-wrapper elementor-open-inline\">\n\t\t\t<div class=\"elementor-video\"><\/div>\t\t<\/div>\n\t\t\t\t\t\t<\/div>\n\t\t\t\t<\/div>\n\t\t\t\t<div class=\"elementor-element elementor-element-a1318b2 elementor-widget elementor-widget-heading\" data-id=\"a1318b2\" data-element_type=\"widget\" data-widget_type=\"heading.default\">\n\t\t\t\t<div class=\"elementor-widget-container\">\n\t\t\t\t\t<h2 class=\"elementor-heading-title elementor-size-default\">Los Tortuga con Bel\u00e9n Funes en Cine Club Lys<\/h2>\t\t\t\t<\/div>\n\t\t\t\t<\/div>\n\t\t\t\t<div class=\"elementor-element elementor-element-0c3343a elementor-widget elementor-widget-text-editor\" data-id=\"0c3343a\" data-element_type=\"widget\" data-widget_type=\"text-editor.default\">\n\t\t\t\t<div class=\"elementor-widget-container\">\n\t\t\t\t\t\t\t\t\t<div class=\"xdj266r x14z9mp xat24cr x1lziwak x1vvkbs x126k92a\"><div dir=\"auto\">Ayer tuvimos la oportunidad de tener a <strong>Bel\u00e9n Funes, directora de Los Tortuga<\/strong> en Cines Lys, que despu\u00e9s dio un coloquio con el p\u00fablico.<\/div><\/div><div class=\"x14z9mp xat24cr x1lziwak x1vvkbs xtlvy1s x126k92a\"><div dir=\"auto\"><strong>Premiada ya en el Festival de M\u00e1laga 2025, con Biznaga de Plata a Mejor Guion y el Premio Especial del Jurado<\/strong><\/div><\/div><div class=\"x14z9mp xat24cr x1lziwak x1vvkbs xtlvy1s x126k92a\"><div dir=\"auto\"><strong>Sinopsis:<\/strong> Anabel tiene 18 a\u00f1os. Vive con su madre, Delia, una taxista chilena emigrada al barrio de Collblanc hace veinte a\u00f1os. Estudia primero de comunicaci\u00f3n audiovisual en la ciudad de Barcelona. Le cost\u00f3 mucho esfuerzo entrar en la carrera porque la nota de corte es muy alta, pero se esforz\u00f3\u2026 estudi\u00f3 mucho. Ahora su futuro est\u00e1 a punto de cambiar para siempre. Y aunque Anabel todav\u00eda no lo sepa, una carta est\u00e1 a punto de llegar. En ella, la inmobiliaria del piso de alquiler en el que han vivido siempre les informa de que tienen que abandonar definitivamente el piso ya que el edificio ha sido adquirido por un fondo buitre.<\/div><\/div>\t\t\t\t\t\t\t\t<\/div>\n\t\t\t\t<\/div>\n\t\t\t\t\t<\/div>\n\t\t<\/div>\n\t\t\t\t\t<\/div>\n\t\t<\/section>\n\t\t\t\t<\/div>","protected":false},"excerpt":{"rendered":"<p>Los Tortuga con Bel\u00e9n Funes en Cine Club Lys Ayer tuvimos la oportunidad de tener a Bel\u00e9n Funes, directora de Los Tortuga en Cines Lys, que despu\u00e9s dio un coloquio&hellip; <a class=\"more-link\" href=\"https:\/\/cineslys.com\/val\/cine-club-lys\/los-tortuga-con-belen-funes-en-cine-club-lys\/\">Continue reading <span class=\"screen-reader-text\">Los Tortuga con Bel\u00e9n Funes en Cine Club Lys<\/span><\/a><\/p>","protected":false},"author":1,"featured_media":8946,"comment_status":"closed","ping_status":"closed","sticky":false,"template":"","format":"standard","meta":{"footnotes":""},"categories":[15],"tags":[],"class_list":["post-8945","post","type-post","status-publish","format-standard","has-post-thumbnail","hentry","category-cine-club-lys","entry"],"_links":{"self":[{"href":"https:\/\/cineslys.com\/val\/wp-json\/wp\/v2\/posts\/8945","targetHints":{"allow":["GET"]}}],"collection":[{"href":"https:\/\/cineslys.com\/val\/wp-json\/wp\/v2\/posts"}],"about":[{"href":"https:\/\/cineslys.com\/val\/wp-json\/wp\/v2\/types\/post"}],"author":[{"embeddable":true,"href":"https:\/\/cineslys.com\/val\/wp-json\/wp\/v2\/users\/1"}],"replies":[{"embeddable":true,"href":"https:\/\/cineslys.com\/val\/wp-json\/wp\/v2\/comments?post=8945"}],"version-history":[{"count":0,"href":"https:\/\/cineslys.com\/val\/wp-json\/wp\/v2\/posts\/8945\/revisions"}],"wp:featuredmedia":[{"embeddable":true,"href":"https:\/\/cineslys.com\/val\/wp-json\/wp\/v2\/media\/8946"}],"wp:attachment":[{"href":"https:\/\/cineslys.com\/val\/wp-json\/wp\/v2\/media?parent=8945"}],"wp:term":[{"taxonomy":"category","embeddable":true,"href":"https:\/\/cineslys.com\/val\/wp-json\/wp\/v2\/categories?post=8945"},{"taxonomy":"post_tag","embeddable":true,"href":"https:\/\/cineslys.com\/val\/wp-json\/wp\/v2\/tags?post=8945"}],"curies":[{"name":"wp","href":"https:\/\/api.w.org\/{rel}","templated":true}]}}