									
{"id":989,"date":"2023-07-27T11:49:43","date_gmt":"2023-07-27T11:49:43","guid":{"rendered":"https:\/\/cineslys.com\/?p=989"},"modified":"2023-07-27T16:42:08","modified_gmt":"2023-07-27T16:42:08","slug":"cata-de-vinos-estreno-28-de-julio","status":"publish","type":"post","link":"https:\/\/cineslys.com\/val\/estrenos\/cata-de-vinos-estreno-28-de-julio\/","title":{"rendered":"Cata de vinos, estreno 28 de julio"},"content":{"rendered":"<div data-elementor-type=\"wp-post\" data-elementor-id=\"989\" class=\"elementor elementor-989\" data-elementor-post-type=\"post\">\n\t\t\t\t\t\t<section class=\"elementor-section elementor-top-section elementor-element elementor-element-10e8d76e elementor-section-boxed elementor-section-height-default elementor-section-height-default\" data-id=\"10e8d76e\" data-element_type=\"section\">\n\t\t\t\t\t\t<div class=\"elementor-container elementor-column-gap-default\">\n\t\t\t\t\t<div class=\"elementor-column elementor-col-100 elementor-top-column elementor-element elementor-element-763eafc4\" data-id=\"763eafc4\" data-element_type=\"column\">\n\t\t\t<div class=\"elementor-widget-wrap elementor-element-populated\">\n\t\t\t\t\t\t<div class=\"elementor-element elementor-element-588d67a0 elementor-widget elementor-widget-image\" data-id=\"588d67a0\" data-element_type=\"widget\" data-widget_type=\"image.default\">\n\t\t\t\t<div class=\"elementor-widget-container\">\n\t\t\t\t\t\t\t\t\t\t\t\t\t\t\t<img decoding=\"async\" src=\"https:\/\/cineslys.com\/wp-content\/uploads\/2023\/07\/cata-de-vinos-1.jpg\" title=\"\" alt=\"\" loading=\"lazy\">\t\t\t\t\t\t\t\t\t\t\t\t\t\t\t<\/div>\n\t\t\t\t<\/div>\n\t\t\t\t<div class=\"elementor-element elementor-element-35106478 elementor-widget elementor-widget-text-editor\" data-id=\"35106478\" data-element_type=\"widget\" data-widget_type=\"text-editor.default\">\n\t\t\t\t<div class=\"elementor-widget-container\">\n\t\t\t\t\t\t\t\t\t<p>Estreno de Cata de Vinos en Cines Lys<\/p>\t\t\t\t\t\t\t\t<\/div>\n\t\t\t\t<\/div>\n\t\t\t\t<div class=\"elementor-element elementor-element-2b8dd143 elementor-widget elementor-widget-text-editor\" data-id=\"2b8dd143\" data-element_type=\"widget\" data-widget_type=\"text-editor.default\">\n\t\t\t\t<div class=\"elementor-widget-container\">\n\t\t\t\t\t\t\t\t\t<p>Este 28 de julio estrenamos la pel\u00edcula francesa \u00abCata de vinos\u00bb, dirigida por el director Ivan Calb\u00e9rac y con la estupenda actuaci\u00f3n de Isabelle Carr\u00e9. Esta comedia rom\u00e1ntica nos presenta a Jacques, un se\u00f1or divorciado que dirige una peque\u00f1a bodega, y a Hortense, una matrona que adora a los beb\u00e9s. Ambos sienten una gran atracci\u00f3n pero no saben muy bien c\u00f3mo dar el paso. Nos embarcaremos en una historia de amor con tintes dram\u00e1ticos que le dan una mayor profundidad a sus personajes, creando as\u00ed una historia mucho m\u00e1s completa de lo que parece a priori.<\/p><p>\u00a0<\/p><p>De todas formas, \u00bfqu\u00e9 mejor que el p\u00fablico que asisti\u00f3 a la pasada Cita a Ciegas del d\u00eda 25 de julio para que te cuenten qu\u00e9 les pareci\u00f3? A partir del viernes 28 de julio en los Cines Lys de Valencia.<br \/><br \/>\u00bfQuieres ir a verla? <a href=\"https:\/\/www.reservaentradas.com\/sesiones\/valencia\/cineslys\/cata-de-vinos\/5783\" rel=\"nofollow noopener\" target=\"_blank\">Accede a Reserva Entradas para consultar horarios o comprar.<\/a><\/p>\t\t\t\t\t\t\t\t<\/div>\n\t\t\t\t<\/div>\n\t\t\t\t<div class=\"elementor-element elementor-element-76b9480b elementor-widget elementor-widget-video\" data-id=\"76b9480b\" data-element_type=\"widget\" data-settings=\"{&quot;youtube_url&quot;:&quot;https:\\\/\\\/www.youtube.com\\\/watch?v=4QXuI2nP-ZQ&quot;,&quot;video_type&quot;:&quot;youtube&quot;,&quot;controls&quot;:&quot;yes&quot;}\" data-widget_type=\"video.default\">\n\t\t\t\t<div class=\"elementor-widget-container\">\n\t\t\t\t\t\t\t<div class=\"elementor-wrapper elementor-open-inline\">\n\t\t\t<div class=\"elementor-video\"><\/div>\t\t<\/div>\n\t\t\t\t\t\t<\/div>\n\t\t\t\t<\/div>\n\t\t\t\t\t<\/div>\n\t\t<\/div>\n\t\t\t\t\t<\/div>\n\t\t<\/section>\n\t\t\t\t<\/div>","protected":false},"excerpt":{"rendered":"<p>Estreno de Cata de Vinos en Cines Lys Este 28 de julio estrenamos la pel\u00edcula francesa \u00abCata de vinos\u00bb, dirigida por el director Ivan Calb\u00e9rac y con la estupenda actuaci\u00f3n&hellip; <a class=\"more-link\" href=\"https:\/\/cineslys.com\/val\/estrenos\/cata-de-vinos-estreno-28-de-julio\/\">Continue reading <span class=\"screen-reader-text\">Cata de vinos, estreno 28 de julio<\/span><\/a><\/p>","protected":false},"author":1,"featured_media":0,"comment_status":"closed","ping_status":"closed","sticky":false,"template":"","format":"standard","meta":{"footnotes":""},"categories":[1],"tags":[],"class_list":["post-989","post","type-post","status-publish","format-standard","hentry","category-estrenos","entry"],"_links":{"self":[{"href":"https:\/\/cineslys.com\/val\/wp-json\/wp\/v2\/posts\/989","targetHints":{"allow":["GET"]}}],"collection":[{"href":"https:\/\/cineslys.com\/val\/wp-json\/wp\/v2\/posts"}],"about":[{"href":"https:\/\/cineslys.com\/val\/wp-json\/wp\/v2\/types\/post"}],"author":[{"embeddable":true,"href":"https:\/\/cineslys.com\/val\/wp-json\/wp\/v2\/users\/1"}],"replies":[{"embeddable":true,"href":"https:\/\/cineslys.com\/val\/wp-json\/wp\/v2\/comments?post=989"}],"version-history":[{"count":0,"href":"https:\/\/cineslys.com\/val\/wp-json\/wp\/v2\/posts\/989\/revisions"}],"wp:attachment":[{"href":"https:\/\/cineslys.com\/val\/wp-json\/wp\/v2\/media?parent=989"}],"wp:term":[{"taxonomy":"category","embeddable":true,"href":"https:\/\/cineslys.com\/val\/wp-json\/wp\/v2\/categories?post=989"},{"taxonomy":"post_tag","embeddable":true,"href":"https:\/\/cineslys.com\/val\/wp-json\/wp\/v2\/tags?post=989"}],"curies":[{"name":"wp","href":"https:\/\/api.w.org\/{rel}","templated":true}]}}