									
{"id":9922,"date":"2025-09-19T14:27:22","date_gmt":"2025-09-19T14:27:22","guid":{"rendered":"https:\/\/cineslys.com\/?p=9922"},"modified":"2025-09-19T14:30:53","modified_gmt":"2025-09-19T14:30:53","slug":"el-cautivo-con-alejandro-amenabar","status":"publish","type":"post","link":"https:\/\/cineslys.com\/val\/estrenos\/el-cautivo-con-alejandro-amenabar\/","title":{"rendered":"El cautivo con Alejandro Amen\u00e1bar"},"content":{"rendered":"<div data-elementor-type=\"wp-post\" data-elementor-id=\"9922\" class=\"elementor elementor-9922\" data-elementor-post-type=\"post\">\n\t\t\t\t\t\t<section class=\"elementor-section elementor-top-section elementor-element elementor-element-3152b0e elementor-section-boxed elementor-section-height-default elementor-section-height-default\" data-id=\"3152b0e\" data-element_type=\"section\">\n\t\t\t\t\t\t<div class=\"elementor-container elementor-column-gap-default\">\n\t\t\t\t\t<div class=\"elementor-column elementor-col-100 elementor-top-column elementor-element elementor-element-2903c7d\" data-id=\"2903c7d\" data-element_type=\"column\">\n\t\t\t<div class=\"elementor-widget-wrap elementor-element-populated\">\n\t\t\t\t\t\t<div class=\"elementor-element elementor-element-a486615 elementor-widget elementor-widget-video\" data-id=\"a486615\" data-element_type=\"widget\" data-settings=\"{&quot;youtube_url&quot;:&quot;https:\\\/\\\/www.youtube.com\\\/watch?v=riWCJ_9gdK8&quot;,&quot;video_type&quot;:&quot;youtube&quot;,&quot;controls&quot;:&quot;yes&quot;}\" data-widget_type=\"video.default\">\n\t\t\t\t<div class=\"elementor-widget-container\">\n\t\t\t\t\t\t\t<div class=\"elementor-wrapper elementor-open-inline\">\n\t\t\t<div class=\"elementor-video\"><\/div>\t\t<\/div>\n\t\t\t\t\t\t<\/div>\n\t\t\t\t<\/div>\n\t\t\t\t\t<\/div>\n\t\t<\/div>\n\t\t\t\t\t<\/div>\n\t\t<\/section>\n\t\t\t\t<section class=\"elementor-section elementor-top-section elementor-element elementor-element-f28e98e elementor-section-boxed elementor-section-height-default elementor-section-height-default\" data-id=\"f28e98e\" data-element_type=\"section\">\n\t\t\t\t\t\t<div class=\"elementor-container elementor-column-gap-default\">\n\t\t\t\t\t<div class=\"elementor-column elementor-col-100 elementor-top-column elementor-element elementor-element-8a27fbb\" data-id=\"8a27fbb\" data-element_type=\"column\">\n\t\t\t<div class=\"elementor-widget-wrap elementor-element-populated\">\n\t\t\t\t\t\t<div class=\"elementor-element elementor-element-777a189 elementor-widget elementor-widget-heading\" data-id=\"777a189\" data-element_type=\"widget\" data-widget_type=\"heading.default\">\n\t\t\t\t<div class=\"elementor-widget-container\">\n\t\t\t\t\t<h2 class=\"elementor-heading-title elementor-size-default\"><div style=\"margin: 0px;padding: 0px;border: 0px;background-image: initial;background-position: initial;background-size: initial;background-repeat: initial;background-attachment: initial;font-family: Roboto, Arial, sans-serif;font-size: 10px;font-weight: 400\"><h1 style=\"border: 0px;background: transparent;font-family: Roboto, Arial, sans-serif;font-size: 2rem;line-height: 2.8rem;overflow: hidden;max-height: 5.6rem\"><span style=\"font-family: Roboto, sans-serif;font-size: 48px\">Alejandro Amen\u00e1bar presenta El Cautivo - Cines Lys Valencia\n<\/span><span style=\"font-family: Roboto, sans-serif;font-size: 48px\"><\/span><\/h1><\/div><\/h2>\t\t\t\t<\/div>\n\t\t\t\t<\/div>\n\t\t\t\t\t<\/div>\n\t\t<\/div>\n\t\t\t\t\t<\/div>\n\t\t<\/section>\n\t\t\t\t<section class=\"elementor-section elementor-top-section elementor-element elementor-element-c1fcf04 elementor-section-boxed elementor-section-height-default elementor-section-height-default\" data-id=\"c1fcf04\" data-element_type=\"section\">\n\t\t\t\t\t\t<div class=\"elementor-container elementor-column-gap-default\">\n\t\t\t\t\t<div class=\"elementor-column elementor-col-100 elementor-top-column elementor-element elementor-element-ef9dd4b\" data-id=\"ef9dd4b\" data-element_type=\"column\">\n\t\t\t<div class=\"elementor-widget-wrap elementor-element-populated\">\n\t\t\t\t\t\t<div class=\"elementor-element elementor-element-dc61790 elementor-widget elementor-widget-text-editor\" data-id=\"dc61790\" data-element_type=\"widget\" data-widget_type=\"text-editor.default\">\n\t\t\t\t<div class=\"elementor-widget-container\">\n\t\t\t\t\t\t\t\t\t<p>Este 12 de septiembre se estren\u00f3 #ElCautivo de #AlejandroAmen\u00e1bar una obra muy personal que coge muchos territorios de la Comunitat Valenciana, para describir un momento de la vida de Cervantes mientas fue preso en Argel.<\/p>\t\t\t\t\t\t\t\t<\/div>\n\t\t\t\t<\/div>\n\t\t\t\t\t<\/div>\n\t\t<\/div>\n\t\t\t\t\t<\/div>\n\t\t<\/section>\n\t\t\t\t<\/div>","protected":false},"excerpt":{"rendered":"<p>Alejandro Amen\u00e1bar presenta El Cautivo &#8211; Cines Lys Valencia Este 12 de septiembre se estren\u00f3 #ElCautivo de #AlejandroAmen\u00e1bar una obra muy personal que coge muchos territorios de la Comunitat Valenciana,&hellip; <a class=\"more-link\" href=\"https:\/\/cineslys.com\/val\/estrenos\/el-cautivo-con-alejandro-amenabar\/\">Continue reading <span class=\"screen-reader-text\">El cautivo con Alejandro Amen\u00e1bar<\/span><\/a><\/p>","protected":false},"author":1,"featured_media":9923,"comment_status":"closed","ping_status":"closed","sticky":false,"template":"","format":"standard","meta":{"footnotes":""},"categories":[1],"tags":[],"class_list":["post-9922","post","type-post","status-publish","format-standard","has-post-thumbnail","hentry","category-estrenos","entry"],"_links":{"self":[{"href":"https:\/\/cineslys.com\/val\/wp-json\/wp\/v2\/posts\/9922","targetHints":{"allow":["GET"]}}],"collection":[{"href":"https:\/\/cineslys.com\/val\/wp-json\/wp\/v2\/posts"}],"about":[{"href":"https:\/\/cineslys.com\/val\/wp-json\/wp\/v2\/types\/post"}],"author":[{"embeddable":true,"href":"https:\/\/cineslys.com\/val\/wp-json\/wp\/v2\/users\/1"}],"replies":[{"embeddable":true,"href":"https:\/\/cineslys.com\/val\/wp-json\/wp\/v2\/comments?post=9922"}],"version-history":[{"count":0,"href":"https:\/\/cineslys.com\/val\/wp-json\/wp\/v2\/posts\/9922\/revisions"}],"wp:featuredmedia":[{"embeddable":true,"href":"https:\/\/cineslys.com\/val\/wp-json\/wp\/v2\/media\/9923"}],"wp:attachment":[{"href":"https:\/\/cineslys.com\/val\/wp-json\/wp\/v2\/media?parent=9922"}],"wp:term":[{"taxonomy":"category","embeddable":true,"href":"https:\/\/cineslys.com\/val\/wp-json\/wp\/v2\/categories?post=9922"},{"taxonomy":"post_tag","embeddable":true,"href":"https:\/\/cineslys.com\/val\/wp-json\/wp\/v2\/tags?post=9922"}],"curies":[{"name":"wp","href":"https:\/\/api.w.org\/{rel}","templated":true}]}}